{"id":198769,"date":"2024-03-20T08:00:54","date_gmt":"2024-03-20T04:00:54","guid":{"rendered":""},"modified":"-0001-11-30T00:00:00","modified_gmt":"-0001-11-29T20:00:00","slug":"","status":"publish","type":"post","link":"https:\/\/ucnoqta.az\/?p=198769","title":{"rendered":"Az\u0259rbaycanda 7 g\u00fcnl\u00fck bayram t\u0259tili ba\u015flay\u0131b"},"content":{"rendered":"<p>Az\u0259rbaycanda Novruz bayram\u0131 m&uuml;nasib\u0259til\u0259 bu g&uuml;nd\u0259n t\u0259til ba\u015flay\u0131b.<\/p>\n<p>Ucnoqta.az x\u0259b\u0259r verir ki, Novruz bayram\u0131nda 7 g&uuml;n i\u015f olmayacaq.<\/p>\n<p>Nazirl\u0259r Kabinetinin &ldquo;2024-c&uuml; il &uuml;&ccedil;&uuml;n Novruz, Ramazan v\u0259 Qurban bayramlar\u0131 g&uuml;nl\u0259rinin m&uuml;\u0259yy\u0259n edilm\u0259si haqq\u0131nda&rdquo; q\u0259rar\u0131na \u0259sas\u0259n, 2024-c&uuml; il 20, 21, 22, 23 v\u0259 24 mart Novruz bayram\u0131 m&uuml;\u0259yy\u0259n edilib.<\/p>\n<p>\u018fm\u0259k M\u0259c\u0259ll\u0259sin\u0259 \u0259sas\u0259n h\u0259ft\u0259l\u0259raras\u0131 istirah\u0259t g&uuml;nl\u0259ri v\u0259 i\u015f g&uuml;n&uuml; hesab olunmayan bayram g&uuml;nl\u0259ri &uuml;st-&uuml;st\u0259 d&uuml;\u015f\u0259rs\u0259, h\u0259min istirah\u0259t g&uuml;n&uuml; bilavasit\u0259 bayram g&uuml;n&uuml;nd\u0259n sonrak\u0131 i\u015f g&uuml;n&uuml;n\u0259 ke&ccedil;irilir. Bu il 23 v\u0259 24 mart \u015f\u0259nb\u0259 v\u0259 bazar g&uuml;nl\u0259rin\u0259 t\u0259sad&uuml;f etdiyi &uuml;&ccedil;&uuml;n 25 v\u0259 26 mart (bazar ert\u0259si v\u0259 &ccedil;\u0259r\u015f\u0259nb\u0259 ax\u015fam\u0131) qeyri-i\u015f g&uuml;nl\u0259ri olacaq.<\/p>\n<p>Bel\u0259likl\u0259, bu il Novruz bayram\u0131 il\u0259 \u0259laq\u0259dar ard\u0131c\u0131l olaraq mart\u0131n 20, 21, 22, 23, 24, 25 v\u0259 26-da i\u015f olmayacaq.<\/p>\n","protected":false},"excerpt":{"rendered":"<p>Az\u0259rbaycanda Novruz bayram\u0131 m&uuml;nasib\u0259til\u0259 bu g&uuml;nd\u0259n t\u0259til ba\u015flay\u0131b. Ucnoqta.az x\u0259b\u0259r verir ki, Novruz bayram\u0131nda 7 g&uuml;n i\u015f olmayacaq. Nazirl\u0259r Kabinetinin &ldquo;2024-c&uuml; il &uuml;&ccedil;&uuml;n Novruz, Ramazan v\u0259 Qurban bayramlar\u0131 g&uuml;nl\u0259rinin m&uuml;\u0259yy\u0259n&hellip;<\/p>\n","protected":false},"author":1,"featured_media":251278,"comment_status":"open","ping_status":"open","sticky":false,"template":"","format":"standard","meta":{"_lmt_disableupdate":"","_lmt_disable":"","footnotes":""},"categories":[91],"tags":[],"class_list":["post-198769","post","type-post","status-publish","format-standard","has-post-thumbnail","hentry","category-olkeici"],"_links":{"self":[{"href":"https:\/\/ucnoqta.az\/index.php?rest_route=\/wp\/v2\/posts\/198769","targetHints":{"allow":["GET"]}}],"collection":[{"href":"https:\/\/ucnoqta.az\/index.php?rest_route=\/wp\/v2\/posts"}],"about":[{"href":"https:\/\/ucnoqta.az\/index.php?rest_route=\/wp\/v2\/types\/post"}],"author":[{"embeddable":true,"href":"https:\/\/ucnoqta.az\/index.php?rest_route=\/wp\/v2\/users\/1"}],"replies":[{"embeddable":true,"href":"https:\/\/ucnoqta.az\/index.php?rest_route=%2Fwp%2Fv2%2Fcomments&post=198769"}],"version-history":[{"count":0,"href":"https:\/\/ucnoqta.az\/index.php?rest_route=\/wp\/v2\/posts\/198769\/revisions"}],"wp:featuredmedia":[{"embeddable":true,"href":"https:\/\/ucnoqta.az\/index.php?rest_route=\/wp\/v2\/media\/251278"}],"wp:attachment":[{"href":"https:\/\/ucnoqta.az\/index.php?rest_route=%2Fwp%2Fv2%2Fmedia&parent=198769"}],"wp:term":[{"taxonomy":"category","embeddable":true,"href":"https:\/\/ucnoqta.az\/index.php?rest_route=%2Fwp%2Fv2%2Fcategories&post=198769"},{"taxonomy":"post_tag","embeddable":true,"href":"https:\/\/ucnoqta.az\/index.php?rest_route=%2Fwp%2Fv2%2Ftags&post=198769"}],"curies":[{"name":"wp","href":"https:\/\/api.w.org\/{rel}","templated":true}]}}