{"id":198761,"date":"2024-03-19T20:12:21","date_gmt":"2024-03-19T16:12:21","guid":{"rendered":""},"modified":"-0001-11-30T00:00:00","modified_gmt":"-0001-11-29T20:00:00","slug":"","status":"publish","type":"post","link":"https:\/\/ucnoqta.az\/?p=198761","title":{"rendered":"Az\u0259rbaycan 2024-2026-c\u0131 ill\u0259r \u00fczr\u0259 AQEM s\u0259dri se\u00e7ilib"},"content":{"rendered":"<p><strong>Asiyada Qar\u015f\u0131l\u0131ql\u0131 F\u0259aliyy\u0259t v\u0259 Etimad T\u0259dbirl\u0259ri &uuml;zr\u0259 M&uuml;\u015favir\u0259nin (AQEM) Y&uuml;ks\u0259k V\u0259zif\u0259li \u015e\u0259xsl\u0259r Komit\u0259sinin 14 mart tarixli iclas\u0131nda verilmi\u015f t&ouml;vsiy\u0259y\u0259 uy\u011fun olaraq, AQEM Xarici \u0130\u015fl\u0259r Nazirl\u0259ri \u015euras\u0131n\u0131n 19 mart 2024-c&uuml; il tarixli q\u0259rar\u0131 il\u0259 Az\u0259rbaycan 2024-2026-c\u0131 ill\u0259r &uuml;zr\u0259 AQEM s\u0259dri se&ccedil;ilib.<\/strong><\/p>\n<p>Bu bar\u0259d\u0259 Ucnoqta.az-a Az\u0259rbaycan Xarici \u0130\u015fl\u0259r Nazirliyind\u0259n m\u0259lumat verilib.<\/p>\n<p>Bildirilib ki, q\u0259rara \u0259sas\u0259n, s\u0259drliyimiz &ccedil;\u0259r&ccedil;iv\u0259sind\u0259 &ouml;lk\u0259mizin 2024-c&uuml; ild\u0259 AQEM Xarici \u0130\u015fl\u0259r Nazirl\u0259ri \u015euras\u0131na, 2026-c\u0131 ild\u0259 is\u0259 AQEM D&ouml;vl\u0259t v\u0259 H&ouml;kum\u0259t Ba\u015f&ccedil;\u0131lar\u0131n\u0131n \u015euras\u0131na (Sammit) ev sahibliyi etm\u0259si n\u0259z\u0259rd\u0259 tutulub.<\/p>\n<p>Qeyd ed\u0259k ki, AQEM-in &ccedil;a\u011f\u0131r\u0131lmas\u0131 haqq\u0131nda t\u0259\u015f\u0259bb&uuml;s ilk d\u0259f\u0259 5 oktyabr 1992-ci il tarixind\u0259 Qazax\u0131stan t\u0259r\u0259find\u0259n BMT Ba\u015f Assambleyas\u0131n\u0131n 47-ci sessiyas\u0131 zaman\u0131 ir\u0259li s&uuml;r&uuml;l&uuml;b. T\u0259\u015f\u0259bb&uuml;s&uuml;n m\u0259qs\u0259di, Asiyada t\u0259hl&uuml;k\u0259sizliyin t\u0259min olunmas\u0131 &uuml;zr\u0259 effektiv v\u0259 universal t\u0259\u015fkilat yarad\u0131lmas\u0131d\u0131r.<\/p>\n<p>Az\u0259rbaycan AQEM &ccedil;\u0259r&ccedil;iv\u0259sind\u0259 \u0259m\u0259kda\u015fl\u0131qda f\u0259al i\u015ftirak edir. &Ouml;lk\u0259miz &ldquo;T\u0259hl&uuml;k\u0259siz v\u0259 s\u0259m\u0259r\u0259li n\u0259qliyyat d\u0259hlizl\u0259rinin inki\u015faf etdirilm\u0259si&rdquo; sah\u0259sind\u0259 etimad-quruculu\u011fu t\u0259dbirinin \u0259laq\u0259l\u0259ndiricisi funksiyas\u0131n\u0131 yerin\u0259 yetirm\u0259kd\u0259dir.<\/p>\n<p>AQEM-in f\u0259aliyy\u0259tini t\u0259nziml\u0259y\u0259n \u0259sas s\u0259n\u0259dl\u0259r 1999-cu ild\u0259 q\u0259bul edilmi\u015f &ldquo;AQEM &uuml;zv d&ouml;vl\u0259tl\u0259ri aras\u0131nda m&uuml;nasib\u0259tl\u0259rin r\u0259hb\u0259redici prinsipl\u0259ri haqq\u0131nda B\u0259yannam\u0259&rdquo; v\u0259 2002-ci ild\u0259 q\u0259bul edilmi\u015f Almat\u0131 Akt\u0131d\u0131r. M&uuml;\u015favir\u0259nin 2022-ci ild\u0259 ke&ccedil;irilmi\u015f Astana Sammitind\u0259 AQEM-in tamh&uuml;quqlu regional beyn\u0259lxalq t\u0259\u015fkilata transformasiyas\u0131 il\u0259 ba\u011fl\u0131 proses\u0259 start ver\u0259n &ldquo;AQEM-in Transformasiyas\u0131na dair Astana B\u0259yanat\u0131&rdquo; q\u0259bul edilib.<\/p>\n<p>Haz\u0131rda t\u0259\u015fkilat\u0131n 28 &uuml;zv&uuml; vard\u0131r. Bundan \u0259lav\u0259, 10 &ouml;lk\u0259, h\u0259m&ccedil;inin BMT, AT\u018fT, Beyn\u0259lxalq Miqrasiya T\u0259\u015fkilat\u0131, \u018fr\u0259b D&ouml;vl\u0259tl\u0259ri Liqas\u0131, T&uuml;rk PA kimi beyn\u0259lxalq t\u0259\u015fkilatlar AQEM-d\u0259 m&uuml;\u015fahid\u0259&ccedil;i statusuna malikdirl\u0259r.<\/p>\n<p>AQEM-in inzibati orqan\u0131 Astana \u015f\u0259h\u0259rind\u0259 yerl\u0259\u015f\u0259n v\u0259 M&uuml;\u015favir\u0259nin g&uuml;nd\u0259lik f\u0259aliyy\u0259tini \u0259laq\u0259l\u0259ndir\u0259n Katiblikdir. AQEM-in f\u0259aliyy\u0259tinin istiqam\u0259tl\u0259ndirilm\u0259si v\u0259 prioritetl\u0259rinin m&uuml;\u0259yy\u0259nl\u0259\u015fdirilm\u0259si s\u0259dr &ouml;lk\u0259 t\u0259r\u0259find\u0259n h\u0259yata ke&ccedil;irilir.<\/p>\n","protected":false},"excerpt":{"rendered":"<p>Asiyada Qar\u015f\u0131l\u0131ql\u0131 F\u0259aliyy\u0259t v\u0259 Etimad T\u0259dbirl\u0259ri &uuml;zr\u0259 M&uuml;\u015favir\u0259nin (AQEM) Y&uuml;ks\u0259k V\u0259zif\u0259li \u015e\u0259xsl\u0259r Komit\u0259sinin 14 mart tarixli iclas\u0131nda verilmi\u015f t&ouml;vsiy\u0259y\u0259 uy\u011fun olaraq, AQEM Xarici \u0130\u015fl\u0259r Nazirl\u0259ri \u015euras\u0131n\u0131n 19 mart 2024-c&uuml; il&hellip;<\/p>\n","protected":false},"author":1,"featured_media":251278,"comment_status":"open","ping_status":"open","sticky":false,"template":"","format":"standard","meta":{"_lmt_disableupdate":"","_lmt_disable":"","footnotes":""},"categories":[86],"tags":[],"class_list":["post-198761","post","type-post","status-publish","format-standard","has-post-thumbnail","hentry","category-siyaset"],"_links":{"self":[{"href":"https:\/\/ucnoqta.az\/index.php?rest_route=\/wp\/v2\/posts\/198761","targetHints":{"allow":["GET"]}}],"collection":[{"href":"https:\/\/ucnoqta.az\/index.php?rest_route=\/wp\/v2\/posts"}],"about":[{"href":"https:\/\/ucnoqta.az\/index.php?rest_route=\/wp\/v2\/types\/post"}],"author":[{"embeddable":true,"href":"https:\/\/ucnoqta.az\/index.php?rest_route=\/wp\/v2\/users\/1"}],"replies":[{"embeddable":true,"href":"https:\/\/ucnoqta.az\/index.php?rest_route=%2Fwp%2Fv2%2Fcomments&post=198761"}],"version-history":[{"count":0,"href":"https:\/\/ucnoqta.az\/index.php?rest_route=\/wp\/v2\/posts\/198761\/revisions"}],"wp:featuredmedia":[{"embeddable":true,"href":"https:\/\/ucnoqta.az\/index.php?rest_route=\/wp\/v2\/media\/251278"}],"wp:attachment":[{"href":"https:\/\/ucnoqta.az\/index.php?rest_route=%2Fwp%2Fv2%2Fmedia&parent=198761"}],"wp:term":[{"taxonomy":"category","embeddable":true,"href":"https:\/\/ucnoqta.az\/index.php?rest_route=%2Fwp%2Fv2%2Fcategories&post=198761"},{"taxonomy":"post_tag","embeddable":true,"href":"https:\/\/ucnoqta.az\/index.php?rest_route=%2Fwp%2Fv2%2Ftags&post=198761"}],"curies":[{"name":"wp","href":"https:\/\/api.w.org\/{rel}","templated":true}]}}