{"id":198748,"date":"2024-03-19T15:51:07","date_gmt":"2024-03-19T11:51:07","guid":{"rendered":""},"modified":"-0001-11-30T00:00:00","modified_gmt":"-0001-11-29T20:00:00","slug":"","status":"publish","type":"post","link":"https:\/\/ucnoqta.az\/?p=198748","title":{"rendered":"Etiraz\u00e7\u0131 fermerl\u0259r Poznan\u0131n m\u0259rk\u0259zin\u0259 peyin at\u0131blar"},"content":{"rendered":"<p><strong>&Ouml;lk\u0259nin q\u0259rbind\u0259 Poznan \u015f\u0259h\u0259rind\u0259 ke&ccedil;iril\u0259n etiraz aksiyas\u0131 zaman\u0131 pol\u015fal\u0131 fermerl\u0259r B&ouml;y&uuml;k Pol\u015fa Voyevodal\u0131\u011f\u0131 administrasiyas\u0131n\u0131n binas\u0131 yax\u0131nl\u0131\u011f\u0131nda peyin y\u0131\u011f\u0131n\u0131 at\u0131blar.<\/strong><\/p>\n<p>Ucnoqta.az x\u0259b\u0259r verir ki, bu bar\u0259d\u0259 &ldquo;Radio Poznan&rdquo; radiostansiyas\u0131 m\u0259lumat yay\u0131b.<\/p>\n<p>M\u0259lumata g&ouml;r\u0259, etiraz&ccedil;\u0131lardan biri y&uuml;k ma\u015f\u0131n\u0131ndan peyin yolun zola\u011f\u0131na t&ouml;k&uuml;b v\u0259 oraya Avropa \u0130ttifaq\u0131n\u0131n bayra\u011f\u0131n\u0131 sanc\u0131b. Hadis\u0259 yerin\u0259 g\u0259l\u0259n polis fermer\u0259 c\u0259rim\u0259 yaz\u0131b.<\/p>\n<p>Qeyd olunur ki, mart\u0131n 19-da ke&ccedil;iril\u0259n n&uuml;mayi\u015f\u0259 yerli hakimiyy\u0259t t\u0259r\u0259find\u0259n icaz\u0259 verilm\u0259yib.<\/p>\n","protected":false},"excerpt":{"rendered":"<p>&Ouml;lk\u0259nin q\u0259rbind\u0259 Poznan \u015f\u0259h\u0259rind\u0259 ke&ccedil;iril\u0259n etiraz aksiyas\u0131 zaman\u0131 pol\u015fal\u0131 fermerl\u0259r B&ouml;y&uuml;k Pol\u015fa Voyevodal\u0131\u011f\u0131 administrasiyas\u0131n\u0131n binas\u0131 yax\u0131nl\u0131\u011f\u0131nda peyin y\u0131\u011f\u0131n\u0131 at\u0131blar. Ucnoqta.az x\u0259b\u0259r verir ki, bu bar\u0259d\u0259 &ldquo;Radio Poznan&rdquo; radiostansiyas\u0131 m\u0259lumat yay\u0131b.&hellip;<\/p>\n","protected":false},"author":1,"featured_media":251278,"comment_status":"open","ping_status":"open","sticky":false,"template":"","format":"standard","meta":{"_lmt_disableupdate":"","_lmt_disable":"","footnotes":""},"categories":[89],"tags":[],"class_list":["post-198748","post","type-post","status-publish","format-standard","has-post-thumbnail","hentry","category-dunya-butun-xeberler"],"_links":{"self":[{"href":"https:\/\/ucnoqta.az\/index.php?rest_route=\/wp\/v2\/posts\/198748","targetHints":{"allow":["GET"]}}],"collection":[{"href":"https:\/\/ucnoqta.az\/index.php?rest_route=\/wp\/v2\/posts"}],"about":[{"href":"https:\/\/ucnoqta.az\/index.php?rest_route=\/wp\/v2\/types\/post"}],"author":[{"embeddable":true,"href":"https:\/\/ucnoqta.az\/index.php?rest_route=\/wp\/v2\/users\/1"}],"replies":[{"embeddable":true,"href":"https:\/\/ucnoqta.az\/index.php?rest_route=%2Fwp%2Fv2%2Fcomments&post=198748"}],"version-history":[{"count":0,"href":"https:\/\/ucnoqta.az\/index.php?rest_route=\/wp\/v2\/posts\/198748\/revisions"}],"wp:featuredmedia":[{"embeddable":true,"href":"https:\/\/ucnoqta.az\/index.php?rest_route=\/wp\/v2\/media\/251278"}],"wp:attachment":[{"href":"https:\/\/ucnoqta.az\/index.php?rest_route=%2Fwp%2Fv2%2Fmedia&parent=198748"}],"wp:term":[{"taxonomy":"category","embeddable":true,"href":"https:\/\/ucnoqta.az\/index.php?rest_route=%2Fwp%2Fv2%2Fcategories&post=198748"},{"taxonomy":"post_tag","embeddable":true,"href":"https:\/\/ucnoqta.az\/index.php?rest_route=%2Fwp%2Fv2%2Ftags&post=198748"}],"curies":[{"name":"wp","href":"https:\/\/api.w.org\/{rel}","templated":true}]}}