{"id":198745,"date":"2024-03-19T15:41:00","date_gmt":"2024-03-19T11:41:00","guid":{"rendered":""},"modified":"-0001-11-30T00:00:00","modified_gmt":"-0001-11-29T20:00:00","slug":"","status":"publish","type":"post","link":"https:\/\/ucnoqta.az\/?p=198745","title":{"rendered":"M\u0259kt\u0259bl\u0259rd\u0259 bayramdan sonrak\u0131 ilk i\u015f g\u00fcn\u00fc a\u00e7\u0131qlan\u0131b"},"content":{"rendered":"<p><strong>Be\u015f g&uuml;nl&uuml;k qrafikl\u0259 i\u015fl\u0259y\u0259n t\u0259hsil m&uuml;\u0259ssis\u0259l\u0259rind\u0259 ilk i\u015f g&uuml;n&uuml; 27 mart olacaq.<\/strong><\/p>\n<p>Ucnoqta.z x\u0259b\u0259r verir ki, bu bar\u0259d\u0259 M\u0259kt\u0259b\u0259q\u0259d\u0259r v\u0259 &Uuml;mumi T\u0259hsil &uuml;zr\u0259 D&ouml;vl\u0259t Agentliyi m\u0259lumat yay\u0131b.<\/p>\n<p>Qeyd olunub ki, alt\u0131 g&uuml;nl&uuml;k qrafikl\u0259 i\u015fl\u0259y\u0259n m&uuml;\u0259ssis\u0259l\u0259rd\u0259 is\u0259 ilk i\u015f g&uuml;n&uuml; 26 mart tarixidir.<\/p>\n<p>Xat\u0131rladaq ki, Nazirl\u0259r Kabinetinin m&uuml;vafiq q\u0259rar\u0131na \u0259sas\u0259n, mart\u0131n 20, 21, 22, 23, 24-&uuml; Novruz bayram\u0131 m&uuml;\u0259yy\u0259n edilib. 5 g&uuml;nl&uuml;k i\u015f h\u0259ft\u0259sind\u0259 &ccedil;al\u0131\u015fan \u0259m\u0259kda\u015flar &uuml;&ccedil;&uuml;n 23 v\u0259 24 mart tarixl\u0259ri h\u0259ft\u0259l\u0259raras\u0131 istirah\u0259t g&uuml;nl\u0259rin\u0259 t\u0259sad&uuml;f etdiyi &uuml;&ccedil;&uuml;n \u018fm\u0259k M\u0259c\u0259ll\u0259sin\u0259 uy\u011fun olaraq 25 v\u0259 26 mart da qeyri-i\u015f g&uuml;nl\u0259ridir.<\/p>\n","protected":false},"excerpt":{"rendered":"<p>Be\u015f g&uuml;nl&uuml;k qrafikl\u0259 i\u015fl\u0259y\u0259n t\u0259hsil m&uuml;\u0259ssis\u0259l\u0259rind\u0259 ilk i\u015f g&uuml;n&uuml; 27 mart olacaq. Ucnoqta.z x\u0259b\u0259r verir ki, bu bar\u0259d\u0259 M\u0259kt\u0259b\u0259q\u0259d\u0259r v\u0259 &Uuml;mumi T\u0259hsil &uuml;zr\u0259 D&ouml;vl\u0259t Agentliyi m\u0259lumat yay\u0131b. Qeyd olunub ki,&hellip;<\/p>\n","protected":false},"author":1,"featured_media":251278,"comment_status":"open","ping_status":"open","sticky":false,"template":"","format":"standard","meta":{"_lmt_disableupdate":"","_lmt_disable":"","footnotes":""},"categories":[91],"tags":[],"class_list":["post-198745","post","type-post","status-publish","format-standard","has-post-thumbnail","hentry","category-olkeici"],"_links":{"self":[{"href":"https:\/\/ucnoqta.az\/index.php?rest_route=\/wp\/v2\/posts\/198745","targetHints":{"allow":["GET"]}}],"collection":[{"href":"https:\/\/ucnoqta.az\/index.php?rest_route=\/wp\/v2\/posts"}],"about":[{"href":"https:\/\/ucnoqta.az\/index.php?rest_route=\/wp\/v2\/types\/post"}],"author":[{"embeddable":true,"href":"https:\/\/ucnoqta.az\/index.php?rest_route=\/wp\/v2\/users\/1"}],"replies":[{"embeddable":true,"href":"https:\/\/ucnoqta.az\/index.php?rest_route=%2Fwp%2Fv2%2Fcomments&post=198745"}],"version-history":[{"count":0,"href":"https:\/\/ucnoqta.az\/index.php?rest_route=\/wp\/v2\/posts\/198745\/revisions"}],"wp:featuredmedia":[{"embeddable":true,"href":"https:\/\/ucnoqta.az\/index.php?rest_route=\/wp\/v2\/media\/251278"}],"wp:attachment":[{"href":"https:\/\/ucnoqta.az\/index.php?rest_route=%2Fwp%2Fv2%2Fmedia&parent=198745"}],"wp:term":[{"taxonomy":"category","embeddable":true,"href":"https:\/\/ucnoqta.az\/index.php?rest_route=%2Fwp%2Fv2%2Fcategories&post=198745"},{"taxonomy":"post_tag","embeddable":true,"href":"https:\/\/ucnoqta.az\/index.php?rest_route=%2Fwp%2Fv2%2Ftags&post=198745"}],"curies":[{"name":"wp","href":"https:\/\/api.w.org\/{rel}","templated":true}]}}