{"id":195546,"date":"2024-01-31T13:41:14","date_gmt":"2024-01-31T09:41:14","guid":{"rendered":""},"modified":"-0001-11-30T00:00:00","modified_gmt":"-0001-11-29T20:00:00","slug":"","status":"publish","type":"post","link":"https:\/\/ucnoqta.az\/?p=195546","title":{"rendered":"Bak\u0131da m\u00fc\u011f\u0259nninin q\u0259tl\u0259 yetirilm\u0259sinin"},"content":{"rendered":"<p><strong>Bak\u0131da m&uuml;\u011f\u0259nni h\u0259yat yolda\u015f\u0131n\u0131 q\u0259tl\u0259 yetirm\u0259kd\u0259 t\u0259qsirl\u0259ndiril\u0259n Anar H\u0259\u015fimovun cinay\u0259t i\u015fi m\u0259hk\u0259m\u0259nin ilk bax\u0131\u015f iclas\u0131 ke&ccedil;irilib.<\/strong><\/p>\n<p>&quot;Report&quot;&nbsp;x\u0259b\u0259r verir ki, Bak\u0131 A\u011f\u0131r Cinay\u0259tl\u0259r M\u0259hk\u0259m\u0259sinin hakimi Azad M\u0259cidovun s\u0259drliyi il\u0259 ke&ccedil;iril\u0259n prosesd\u0259 t\u0259qsirl\u0259ndiril\u0259n \u015f\u0259xsin v\u0259kili v\u0259sat\u0259t qald\u0131raraq prosesin qapal\u0131 ke&ccedil;irilm\u0259sini ist\u0259yib.<\/p>\n<p>M\u0259hk\u0259m\u0259 q\u0131sa m&uuml;\u015favir\u0259d\u0259n sonra v\u0259sat\u0259ti qism\u0259n t\u0259min edib.<\/p>\n<p>Daha sonra prokuror Fariz Rzayev ittiham akt\u0131n\u0131 elan edib.<\/p>\n<p>\u0130ttiham akt\u0131nda g&ouml;st\u0259rilib ki, Anar H\u0259\u015fimov 2023-c&uuml; ilin sentyabr-oktyabr aylar\u0131nda arvad\u0131 Yaqut H\u0259\u015fimovan\u0131n istifad\u0259sind\u0259 olan mobil telefonuna baxaraq h\u0259min telefonun &laquo;Whatsapp&raquo; proqram\u0131nda &quot;\u018fdi\u015f qurban&quot;, &quot;\u0130bo DTV&quot; v\u0259 dig\u0259r adlarla qeyd etdiyi \u018fl&ouml;vs\u0259t \u018fh\u0259dov (red.ad, soyad \u015f\u0259rtidir), \u0130lham Allahn\u0259z\u0259rov (red. ad-soyad \u015f\u0259rtidir) v\u0259 qeyril\u0259ri il\u0259 intim m&uuml;nasib\u0259td\u0259 olmas\u0131 bar\u0259d\u0259 qar\u015f\u0131l\u0131ql\u0131 mesajlar yazd\u0131\u011f\u0131n\u0131 m&uuml;\u0259yy\u0259n edib.<\/p>\n<p>Daha sonra t\u0259qsirl\u0259ndiril\u0259n \u015f\u0259xs 16 oktyabr 2023-c&uuml; il tarixd\u0259 saat 13 rad\u0259l\u0259rind\u0259 Yaquta h\u0259min &quot;\u018fdi\u015f&quot; adl\u0131 \u015f\u0259xsl\u0259 dan\u0131\u015fmama\u011f\u0131 il\u0259 ba\u011fl\u0131 irad\u0131n\u0131 bildirib. Yaqut H\u0259\u015fimova is\u0259 iradlar\u0131n\u0131 q\u0259bul etm\u0259y\u0259r\u0259k onun i\u015fl\u0259rin\u0259 qar\u0131\u015fmamas\u0131n\u0131 t\u0259l\u0259b edib.<\/p>\n<p>Bundan sonra aralar\u0131nda ba\u015f vermi\u015f m&uuml;bahis\u0259 zaman\u0131 t\u0259qsirl\u0259ndiril\u0259n \u015f\u0259xs Anar H\u0259\u015fimov q\u0131sqancl\u0131q z\u0259minind\u0259 qisas almaq niyy\u0259ti il\u0259 arvad\u0131 Yaqut H\u0259\u015fimovan\u0131 \u0259zab, i\u015fg\u0259nc\u0259 verm\u0259kl\u0259 x&uuml;susi amans\u0131zl\u0131qla q\u0259sd\u0259n &ouml;ld&uuml;rm\u0259k maqs\u0259dil\u0259 \u0259v\u0259lc\u0259 x&uuml;susi a\u011fr\u0131lar yetirm\u0259k &uuml;&ccedil;&uuml;n m\u0259nzilin yataq ota\u011f\u0131nda olan bakal\u0131 g&ouml;t&uuml;r&uuml;b m&uuml;\u011f\u0259nni yolda\u015f\u0131n\u0131n ba\u015f nahiy\u0259sind\u0259n 2 d\u0259f\u0259 vurub. Daha sonra t\u0259qsirl\u0259ndiril\u0259n \u015f\u0259xs r\u0259fd\u0259 saxlad\u0131\u011f\u0131, qara r\u0259ngli a&ccedil;\u0131l\u0131b-ba\u011flanan cib b\u0131&ccedil;a\u011f\u0131n\u0131 g&ouml;t&uuml;r\u0259r\u0259k onun h\u0259r\u0259k\u0259tl\u0259rind\u0259n qorxub m\u0259nzilin yataq ota\u011f\u0131nda k&uuml;nc\u0259 &ccedil;\u0259kilmi\u015f Yaqut H\u0259\u015fimovan\u0131n h\u0259yat\u0131 &uuml;&ccedil;&uuml;n d&ouml;n\u0259-d&ouml;n\u0259 aman dil\u0259y\u0259n yalvar\u0131\u015flar\u0131na baxmayaraq, qar\u0131n nahiy\u0259sind\u0259n vurub. O, eyni zamanda Yaqut H\u0259\u015fimovan\u0131n sa&ccedil;lar\u0131ndan tutub dartmaqla \u0259lind\u0259 olan b\u0131&ccedil;aqla sonuncunun h\u0259yat &uuml;&ccedil;&uuml;n vacib olan orqanlar\u0131n\u0131n yerl\u0259\u015fdiyi bo\u011faz, d&ouml;\u015f q\u0259f\u0259si, qar\u0131n v\u0259 dig\u0259r nahiy\u0259l\u0259rd\u0259n z\u0259rb\u0259l\u0259r vurub.<\/p>\n<p>T\u0259qsirl\u0259ndiril\u0259n \u015f\u0259xs otaqda &ccedil;arpay\u0131 &uuml;z\u0259rind\u0259 oturaraq t\u0259qrib\u0259n 10 d\u0259qiq\u0259 \u0259rzind\u0259 onun yetirdiyi x\u0259sar\u0259tl\u0259rd\u0259n Yaqut H\u0259\u015fimovan\u0131n qan itirm\u0259kl\u0259 a\u011fr\u0131 v\u0259 \u0259zab &ccedil;\u0259kdiyin\u0259 r\u0259hmsizlikl\u0259 bax\u0131b, &ouml;l&uuml;m&uuml;n&uuml; g&ouml;zl\u0259yib v\u0259 Yaqut H\u0259\u015fimova daxili v\u0259 xarici qanaxma s\u0259b\u0259bind\u0259n &ouml;l&uuml;b.<\/p>\n<p>Hadis\u0259ni t&ouml;r\u0259tm\u0259kd\u0259 \u015f&uuml;bh\u0259li bilin\u0259n Anar H\u0259\u015fimov saxlan\u0131laraq bar\u0259sind\u0259 h\u0259bs-q\u0259timkan t\u0259dbiri se&ccedil;ilib.<\/p>\n<p>Ona qar\u015f\u0131 Cinay\u0259t M\u0259c\u0259ll\u0259sinin 120.2.4-c&uuml; (Q\u0259sd\u0259n adam &ouml;ld&uuml;rm\u0259 &#8211; x&uuml;susi amans\u0131zl\u0131qla v\u0259 ya &uuml;mumi t\u0259hl&uuml;k\u0259li &uuml;sulla adam &ouml;ld&uuml;rm\u0259) madd\u0259si il\u0259 ittiham ir\u0259li s&uuml;r&uuml;l&uuml;b.<\/p>\n<p>M\u0259hk\u0259m\u0259nin n&ouml;vb\u0259ti iclas\u0131 fevral\u0131n 14-n\u0259 t\u0259yin edilib.<\/p>\n","protected":false},"excerpt":{"rendered":"<p>Bak\u0131da m&uuml;\u011f\u0259nni h\u0259yat yolda\u015f\u0131n\u0131 q\u0259tl\u0259 yetirm\u0259kd\u0259 t\u0259qsirl\u0259ndiril\u0259n Anar H\u0259\u015fimovun cinay\u0259t i\u015fi m\u0259hk\u0259m\u0259nin ilk bax\u0131\u015f iclas\u0131 ke&ccedil;irilib. &quot;Report&quot;&nbsp;x\u0259b\u0259r verir ki, Bak\u0131 A\u011f\u0131r Cinay\u0259tl\u0259r M\u0259hk\u0259m\u0259sinin hakimi Azad M\u0259cidovun s\u0259drliyi il\u0259 ke&ccedil;iril\u0259n prosesd\u0259&hellip;<\/p>\n","protected":false},"author":1,"featured_media":251278,"comment_status":"open","ping_status":"open","sticky":false,"template":"","format":"standard","meta":{"_lmt_disableupdate":"","_lmt_disable":"","footnotes":""},"categories":[],"tags":[],"class_list":["post-195546","post","type-post","status-publish","format-standard","has-post-thumbnail","hentry"],"_links":{"self":[{"href":"https:\/\/ucnoqta.az\/index.php?rest_route=\/wp\/v2\/posts\/195546","targetHints":{"allow":["GET"]}}],"collection":[{"href":"https:\/\/ucnoqta.az\/index.php?rest_route=\/wp\/v2\/posts"}],"about":[{"href":"https:\/\/ucnoqta.az\/index.php?rest_route=\/wp\/v2\/types\/post"}],"author":[{"embeddable":true,"href":"https:\/\/ucnoqta.az\/index.php?rest_route=\/wp\/v2\/users\/1"}],"replies":[{"embeddable":true,"href":"https:\/\/ucnoqta.az\/index.php?rest_route=%2Fwp%2Fv2%2Fcomments&post=195546"}],"version-history":[{"count":0,"href":"https:\/\/ucnoqta.az\/index.php?rest_route=\/wp\/v2\/posts\/195546\/revisions"}],"wp:featuredmedia":[{"embeddable":true,"href":"https:\/\/ucnoqta.az\/index.php?rest_route=\/wp\/v2\/media\/251278"}],"wp:attachment":[{"href":"https:\/\/ucnoqta.az\/index.php?rest_route=%2Fwp%2Fv2%2Fmedia&parent=195546"}],"wp:term":[{"taxonomy":"category","embeddable":true,"href":"https:\/\/ucnoqta.az\/index.php?rest_route=%2Fwp%2Fv2%2Fcategories&post=195546"},{"taxonomy":"post_tag","embeddable":true,"href":"https:\/\/ucnoqta.az\/index.php?rest_route=%2Fwp%2Fv2%2Ftags&post=195546"}],"curies":[{"name":"wp","href":"https:\/\/api.w.org\/{rel}","templated":true}]}}