{"id":192189,"date":"2023-12-09T16:16:20","date_gmt":"2023-12-09T12:16:20","guid":{"rendered":""},"modified":"-0001-11-30T00:00:00","modified_gmt":"-0001-11-29T20:00:00","slug":"","status":"publish","type":"post","link":"https:\/\/ucnoqta.az\/?p=192189","title":{"rendered":"\u0130lham \u018fliyev keniyal\u0131 h\u0259mkar\u0131n\u0131 t\u0259brik edib"},"content":{"rendered":"<p><strong>Prezident \u0130lham \u018fliyev Keniya Respublikas\u0131n\u0131n Prezidenti Uillyam Samoei Rutoya m\u0259ktub g&ouml;nd\u0259rib.<\/strong><\/p>\n<p>Ucnoqta.az x\u0259b\u0259r verir ki, m\u0259ktubda deyilir:<\/p>\n<p>&quot;Keniya Respublikas\u0131n\u0131n milli bayram\u0131 &ndash; M&uuml;st\u0259qillik G&uuml;n&uuml; m&uuml;nasib\u0259til\u0259 Sizi v\u0259 Sizin siman\u0131zda b&uuml;t&uuml;n xalq\u0131n\u0131z\u0131 &ouml;z ad\u0131mdan v\u0259 Az\u0259rbaycan xalq\u0131 ad\u0131ndan s\u0259mimi-q\u0259lbd\u0259n t\u0259brik edir\u0259m.<\/p>\n<p>Bu il Az\u0259rbaycan\u0131n Keniyada S\u0259firliyinin f\u0259aliyy\u0259t\u0259 ba\u015flamas\u0131 ikit\u0259r\u0259fli m&uuml;nasib\u0259tl\u0259rimizin yeni m&uuml;st\u0259viy\u0259 ke&ccedil;m\u0259sinin bariz n&uuml;mun\u0259sidir. \u0130nan\u0131ram ki, xalqlar\u0131m\u0131z\u0131n m\u0259nafel\u0259rin\u0259 uy\u011fun olaraq Az\u0259rbaycan-Keniya \u0259laq\u0259l\u0259rinin dostluq m\u0259cras\u0131nda inki\u015faf\u0131, h\u0259m ikit\u0259r\u0259fli, h\u0259m d\u0259 &ccedil;oxt\u0259r\u0259fli m&uuml;st\u0259vid\u0259 \u0259m\u0259kda\u015fl\u0131\u011f\u0131m\u0131z\u0131n u\u011furla davam etdirilm\u0259si yolunda bundan sonra da birg\u0259 s\u0259yl\u0259r g&ouml;st\u0259r\u0259c\u0259yik.<\/p>\n<p>Bu \u0259lam\u0259tdar g&uuml;nd\u0259 Siz\u0259 \u0259n xo\u015f arzular\u0131m\u0131 &ccedil;atd\u0131r\u0131r, dost xalq\u0131n\u0131za daim \u0259min-amanl\u0131q v\u0259 rifah arzulay\u0131ram&quot;.<\/p>\n","protected":false},"excerpt":{"rendered":"<p>Prezident \u0130lham \u018fliyev Keniya Respublikas\u0131n\u0131n Prezidenti Uillyam Samoei Rutoya m\u0259ktub g&ouml;nd\u0259rib. Ucnoqta.az x\u0259b\u0259r verir ki, m\u0259ktubda deyilir: &quot;Keniya Respublikas\u0131n\u0131n milli bayram\u0131 &ndash; M&uuml;st\u0259qillik G&uuml;n&uuml; m&uuml;nasib\u0259til\u0259 Sizi v\u0259 Sizin siman\u0131zda b&uuml;t&uuml;n&hellip;<\/p>\n","protected":false},"author":1,"featured_media":251278,"comment_status":"open","ping_status":"open","sticky":false,"template":"","format":"standard","meta":{"_lmt_disableupdate":"","_lmt_disable":"","footnotes":""},"categories":[86],"tags":[],"class_list":["post-192189","post","type-post","status-publish","format-standard","has-post-thumbnail","hentry","category-siyaset"],"_links":{"self":[{"href":"https:\/\/ucnoqta.az\/index.php?rest_route=\/wp\/v2\/posts\/192189","targetHints":{"allow":["GET"]}}],"collection":[{"href":"https:\/\/ucnoqta.az\/index.php?rest_route=\/wp\/v2\/posts"}],"about":[{"href":"https:\/\/ucnoqta.az\/index.php?rest_route=\/wp\/v2\/types\/post"}],"author":[{"embeddable":true,"href":"https:\/\/ucnoqta.az\/index.php?rest_route=\/wp\/v2\/users\/1"}],"replies":[{"embeddable":true,"href":"https:\/\/ucnoqta.az\/index.php?rest_route=%2Fwp%2Fv2%2Fcomments&post=192189"}],"version-history":[{"count":0,"href":"https:\/\/ucnoqta.az\/index.php?rest_route=\/wp\/v2\/posts\/192189\/revisions"}],"wp:featuredmedia":[{"embeddable":true,"href":"https:\/\/ucnoqta.az\/index.php?rest_route=\/wp\/v2\/media\/251278"}],"wp:attachment":[{"href":"https:\/\/ucnoqta.az\/index.php?rest_route=%2Fwp%2Fv2%2Fmedia&parent=192189"}],"wp:term":[{"taxonomy":"category","embeddable":true,"href":"https:\/\/ucnoqta.az\/index.php?rest_route=%2Fwp%2Fv2%2Fcategories&post=192189"},{"taxonomy":"post_tag","embeddable":true,"href":"https:\/\/ucnoqta.az\/index.php?rest_route=%2Fwp%2Fv2%2Ftags&post=192189"}],"curies":[{"name":"wp","href":"https:\/\/api.w.org\/{rel}","templated":true}]}}