{"id":192188,"date":"2023-12-09T15:53:27","date_gmt":"2023-12-09T11:53:27","guid":{"rendered":""},"modified":"-0001-11-30T00:00:00","modified_gmt":"-0001-11-29T20:00:00","slug":"","status":"publish","type":"post","link":"https:\/\/ucnoqta.az\/?p=192188","title":{"rendered":"Toyda polisi vuran \u015f\u0259xs\u0259"},"content":{"rendered":"<p><strong>Nax&ccedil;\u0131van \u015f\u0259h\u0259rind\u0259 toy m\u0259rasimind\u0259 polisi vuran \u015f\u0259xs\u0259 h&ouml;km oxunub.<\/strong><\/p>\n<p>Oxu.Az-\u0131n m\u0259lumat\u0131na \u0259sas\u0259n, hadis\u0259 2023-c&uuml; ilin 17 iyununda \u015fadl\u0131q saraylar\u0131n\u0131n birind\u0259 ba\u015f verib.<\/p>\n<p>Bel\u0259 ki, 1967-ci il t\u0259v\u0259ll&uuml;dl&uuml; \u018fli Qafarov (\u015f\u0259rtidir) h\u0259min tarixd\u0259 \u015fadl\u0131q saray\u0131nda qarda\u015f\u0131 o\u011flunun toy \u015f\u0259nliyind\u0259 i\u015ftirak edib.<\/p>\n<p>Toyda spirtli i&ccedil;ki q\u0259bul ed\u0259n \u018fli Qafarov qohumlar\u0131n\u0131n mahn\u0131 &uuml;st&uuml;nd\u0259 m&uuml;bahis\u0259 etdikl\u0259rini g&ouml;r&uuml;b.<\/p>\n<p>O, bac\u0131s\u0131 o\u011flu il\u0259 qarda\u015f\u0131 o\u011flunun mahn\u0131 d\u0259yi\u015fm\u0259k &uuml;st&uuml;nd\u0259 yaranan m&uuml;bahis\u0259l\u0259rinin davaya ke&ccedil;diyini g&ouml;r&uuml;b. Qohumlar\u0131n\u0131n &ccedil;&ouml;l\u0259 &ccedil;\u0131xaraq m&uuml;bahis\u0259ni davam etdirdikl\u0259rini g&ouml;r\u0259n \u018fli Qafarov onlar\u0131 sakitl\u0259\u015fdirm\u0259k ist\u0259yib.<\/p>\n<p>Lakin dava b&ouml;y&uuml;y&uuml;b v\u0259 \u0259raziy\u0259 polis \u0259m\u0259kda\u015flar\u0131 c\u0259lb olunublar.<\/p>\n<p>M\u0259hk\u0259m\u0259 istintaq\u0131nda z\u0259r\u0259r&ccedil;\u0259kmi\u015f \u015f\u0259xs qismind\u0259 dindiril\u0259n Nax&ccedil;\u0131van \u015e\u0259h\u0259r Polis \u0130dar\u0259sinin 1-ci Polis B&ouml;lm\u0259sinin \u0259m\u0259kda\u015f\u0131 bildirib ki, o, i\u015f yolda\u015flar\u0131 birlikd\u0259 asayi\u015fin t\u0259min olunmas\u0131n\u0131 t\u0259l\u0259b edib.<\/p>\n<p>&ldquo;Xahi\u015f edir\u0259m, asayi\u015fi pozub s\u0259s-k&uuml;y salmay\u0131n, m&uuml;bahis\u0259y\u0259 son qoymaq &uuml;&ccedil;&uuml;n bu q\u0259d\u0259r polis \u0259m\u0259kda\u015f\u0131 g\u0259lib. Sakit olun v\u0259 h&ouml;rm\u0259tsizlik etm\u0259yin&rdquo;, &#8211; dedim. Lakin \u018fli Qafarov aqressiv \u015f\u0259kild\u0259 reaksiya verdi. Bunu g&ouml;r&uuml;b &ouml;z&uuml;m&uuml; polis \u0259m\u0259kda\u015f\u0131 kimi bir daha t\u0259qdim etdim, lakin o, &ldquo;n\u0259 edim ki, poliss\u0259n&rdquo; dey\u0259r\u0259k &uuml;z\u0259rim\u0259 g\u0259lib sif\u0259t nahiy\u0259md\u0259n bir yumruq z\u0259rb\u0259si vurdu&rdquo;, &#8211; dey\u0259 polis ifad\u0259sind\u0259 g&ouml;st\u0259rib.<\/p>\n<p>Polisin ald\u0131\u011f\u0131 yumruq z\u0259rb\u0259sind\u0259n &uuml;st doda\u011f\u0131nda qan&ccedil;\u0131r \u0259m\u0259l\u0259 g\u0259lib.<\/p>\n<p>Daha sonra \u018fli Qafarov polis\u0259 zor t\u0259tbiq etm\u0259kl\u0259 m&uuml;qavim\u0259t g&ouml;st\u0259rm\u0259yi davam etdirm\u0259k ist\u0259s\u0259 d\u0259, polis \u0259m\u0259kda\u015flar\u0131 onu post-patrul avtomobilin\u0259 mindirm\u0259y\u0259 nail olublar.<\/p>\n<p>\u018fli Qafarov ifad\u0259sind\u0259 qeyd edib ki, s\u0259rxo\u015f oldu\u011fundan hadis\u0259ni tam olaraq xat\u0131rlam\u0131r. O, ba\u015f vermi\u015f hadis\u0259y\u0259 g&ouml;r\u0259 &uuml;zr ist\u0259diyini v\u0259 pe\u015fman oldu\u011funu bildirib. Ona y&uuml;ng&uuml;l c\u0259za verilm\u0259sini xahi\u015f edib.<\/p>\n<p>Z\u0259r\u0259r&ccedil;\u0259kmi\u015f is\u0259 t\u0259qsirl\u0259ndiril\u0259n \u015f\u0259xsi ba\u011f\u0131\u015flad\u0131\u011f\u0131n\u0131, onun s\u0259rxo\u015f oldu\u011fundan bu \u0259m\u0259li t&ouml;r\u0259tdiyini, ondan \u015fikay\u0259t v\u0259 t\u0259l\u0259binin olmad\u0131\u011f\u0131n\u0131 bildirib.<\/p>\n<p>Nax&ccedil;\u0131van \u015e\u0259h\u0259r M\u0259hk\u0259m\u0259sinin dekabr\u0131n 8-d\u0259 ke&ccedil;iril\u0259n iclas\u0131nda cinay\u0259t i\u015fi il\u0259 ba\u011fl\u0131 h&ouml;km oxunub.<\/p>\n<p>H&ouml;km\u0259 \u0259sas\u0259n, \u018fli Qafarov Cinay\u0259t M\u0259c\u0259ll\u0259sinin 315-ci madd\u0259si il\u0259 (Hakimiyy\u0259t n&uuml;may\u0259nd\u0259sin\u0259 qar\u015f\u0131 m&uuml;qavim\u0259t g&ouml;st\u0259rm\u0259 v\u0259 ya zor t\u0259tbiq etm\u0259) t\u0259qsirli bilinib.<\/p>\n<p>H&ouml;km\u0259 \u0259sas\u0259n, \u018fli Qafarov 2 il 3 ay m&uuml;dd\u0259tin\u0259 azadl\u0131\u011f\u0131n m\u0259hdudla\u015fd\u0131r\u0131lmas\u0131 c\u0259zas\u0131na m\u0259hkum edilib.<\/p>\n<p>T\u0259qsirl\u0259ndiril\u0259n \u015f\u0259xs bar\u0259sind\u0259 se&ccedil;ilmi\u015f h\u0259bs q\u0259timkan t\u0259dbiri l\u0259\u011fv edilib v\u0259 m\u0259hk\u0259m\u0259 iclas zal\u0131nda d\u0259rhal h\u0259bsd\u0259n azad edilib.<\/p>\n<p>T\u0259qsirl\u0259ndiril\u0259n \u015f\u0259xs bar\u0259sind\u0259 h&ouml;km qanuni q&uuml;vv\u0259sini alanad\u0259k ba\u015fqa yer\u0259 getm\u0259m\u0259k haqq\u0131nda iltizam q\u0259timkan t\u0259dbiri se&ccedil;ilib.<\/p>\n","protected":false},"excerpt":{"rendered":"<p>Nax&ccedil;\u0131van \u015f\u0259h\u0259rind\u0259 toy m\u0259rasimind\u0259 polisi vuran \u015f\u0259xs\u0259 h&ouml;km oxunub. Oxu.Az-\u0131n m\u0259lumat\u0131na \u0259sas\u0259n, hadis\u0259 2023-c&uuml; ilin 17 iyununda \u015fadl\u0131q saraylar\u0131n\u0131n birind\u0259 ba\u015f verib. Bel\u0259 ki, 1967-ci il t\u0259v\u0259ll&uuml;dl&uuml; \u018fli Qafarov (\u015f\u0259rtidir)&hellip;<\/p>\n","protected":false},"author":1,"featured_media":251278,"comment_status":"open","ping_status":"open","sticky":false,"template":"","format":"standard","meta":{"_lmt_disableupdate":"","_lmt_disable":"","footnotes":""},"categories":[],"tags":[],"class_list":["post-192188","post","type-post","status-publish","format-standard","has-post-thumbnail","hentry"],"_links":{"self":[{"href":"https:\/\/ucnoqta.az\/index.php?rest_route=\/wp\/v2\/posts\/192188","targetHints":{"allow":["GET"]}}],"collection":[{"href":"https:\/\/ucnoqta.az\/index.php?rest_route=\/wp\/v2\/posts"}],"about":[{"href":"https:\/\/ucnoqta.az\/index.php?rest_route=\/wp\/v2\/types\/post"}],"author":[{"embeddable":true,"href":"https:\/\/ucnoqta.az\/index.php?rest_route=\/wp\/v2\/users\/1"}],"replies":[{"embeddable":true,"href":"https:\/\/ucnoqta.az\/index.php?rest_route=%2Fwp%2Fv2%2Fcomments&post=192188"}],"version-history":[{"count":0,"href":"https:\/\/ucnoqta.az\/index.php?rest_route=\/wp\/v2\/posts\/192188\/revisions"}],"wp:featuredmedia":[{"embeddable":true,"href":"https:\/\/ucnoqta.az\/index.php?rest_route=\/wp\/v2\/media\/251278"}],"wp:attachment":[{"href":"https:\/\/ucnoqta.az\/index.php?rest_route=%2Fwp%2Fv2%2Fmedia&parent=192188"}],"wp:term":[{"taxonomy":"category","embeddable":true,"href":"https:\/\/ucnoqta.az\/index.php?rest_route=%2Fwp%2Fv2%2Fcategories&post=192188"},{"taxonomy":"post_tag","embeddable":true,"href":"https:\/\/ucnoqta.az\/index.php?rest_route=%2Fwp%2Fv2%2Ftags&post=192188"}],"curies":[{"name":"wp","href":"https:\/\/api.w.org\/{rel}","templated":true}]}}