{"id":192187,"date":"2023-12-09T15:28:54","date_gmt":"2023-12-09T11:28:54","guid":{"rendered":""},"modified":"-0001-11-30T00:00:00","modified_gmt":"-0001-11-29T20:00:00","slug":"","status":"publish","type":"post","link":"https:\/\/ucnoqta.az\/?p=192187","title":{"rendered":"&#8220;Ba\u015f\u0131m\u0131n alt\u0131nda ilan saxlam\u0131\u015fam&#8230;&#8221; &#8211;"},"content":{"rendered":"<p><strong>M&uuml;dafi\u0259 Nazirliyinin m\u0259nims\u0259m\u0259y\u0259 g&ouml;r\u0259 tutulmu\u015f Maliyy\u0259 v\u0259 B&uuml;dc\u0259 \u0130dar\u0259sinin sabiq r\u0259isi general-mayor Nizami M\u0259mm\u0259dov, H\u0259rbi Hava Q&uuml;vv\u0259l\u0259rinin Maliyy\u0259 Xidm\u0259tinin sabiq r\u0259isi, polkovnik C\u0259lal Kaz\u0131mov, Quru Qo\u015funlar\u0131n maliyy\u0259 idar\u0259sinin r\u0259isi Bayram Bayramov v\u0259 H\u0259rbi D\u0259niz Q&uuml;vv\u0259ll\u0259rinin maliyy\u0259 xidm\u0259tinin sabiq r\u0259isi V&uuml;sal \u018flizad\u0259nin cinay\u0259t i\u015fi &uuml;zr\u0259 m\u0259hk\u0259m\u0259 prosesi ke&ccedil;irilib.<\/strong><\/p>\n<p>Ucnoqta.az teleqraf.com-a istinad\u0259n x\u0259b\u0259r verir ki, dekabr\u0131n 8-d\u0259 Bak\u0131 H\u0259rbi M\u0259hk\u0259m\u0259sind\u0259 hakim Fikr\u0259t \u018fliyevin s\u0259drliyi il\u0259 ba\u015f tutan iclasda \u015fahid qismind\u0259 M&uuml;dafi\u0259 Nazirliyinin Maliyy\u0259 v\u0259 B&uuml;dc\u0259 \u0130dar\u0259sinin n\u0259zar\u0259t v\u0259 t\u0259fti\u015f \u015f&ouml;b\u0259sinin m&uuml;diri v\u0259zif\u0259sind\u0259 i\u015fl\u0259yib, polkovnik Rafael X\u0259l\u0259fovun ibtidai istintaq zaman\u0131 verdiyi ziddiyy\u0259tli ifad\u0259l\u0259ri elan edilib.<\/p>\n<p>Rafael X\u0259l\u0259fov istintaq zaman\u0131 verdiyi ifad\u0259sind\u0259 g&ouml;st\u0259rib ki, 2019-cu ild\u0259 2-ci ordu korpusunda maliyy\u0259 idar\u0259sinin m&uuml;f\u0259tti\u015fl\u0259ri &#8211; H\u0259s\u0259n Pa\u015fayev v\u0259 S&uuml;leyman Abbasov, n\u0259zar\u0259t v\u0259 t\u0259fti\u015f \u015f&ouml;b\u0259sinin \u0259m\u0259kda\u015f\u0131 Namiq Poladov yoxlamalar apar\u0131blar. Onun ifad\u0259sin\u0259 g&ouml;r\u0259, yoxlama aparan \u015f\u0259xsl\u0259r h\u0259rbi hiss\u0259l\u0259rd\u0259 \u0259lav\u0259 v\u0259saitl\u0259rin olmas\u0131n\u0131 m&uuml;\u0259yy\u0259n edibl\u0259r v\u0259 h\u0259min v\u0259saitl\u0259r ona verilib. Qeyd edib ki, h\u0259rbi hiss\u0259l\u0259rd\u0259n g\u0259tiril\u0259n pullar onun &ouml;z&uuml; t\u0259r\u0259find\u0259n Nizami M\u0259mm\u0259dova &ccedil;atd\u0131r\u0131l\u0131b.<\/p>\n<p>Rafael X\u0259l\u0259fov qeyd edib ki, y\u0131\u011f\u0131lan pullar 5 min v\u0259 120 min manat aras\u0131nda olub. O bildirib ki, Nizami M\u0259mm\u0259dovun h\u0259rbi hiss\u0259l\u0259rd\u0259 m\u0259nims\u0259m\u0259 faktlar\u0131ndan x\u0259b\u0259ri olub. \u015eahidin s&ouml;zl\u0259rin\u0259 g&ouml;r\u0259, h\u0259rbi hiss\u0259l\u0259rd\u0259n birind\u0259 apar\u0131lan yoxlamalar zaman\u0131 \u0259ld\u0259 olunan v\u0259saitl\u0259ri H\u0259s\u0259n Pa\u015fayev 40 min, S&uuml;leyman Abbasov is\u0259 60 min manat\u0131 ona verib, o da h\u0259min pullar\u0131 Nizami M\u0259mm\u0259dova &ccedil;atd\u0131r\u0131b. Rafael X\u0259l\u0259fov ifad\u0259sind\u0259 h\u0259m&ccedil;inin ona 40 min manat\u0131n &ccedil;atmas\u0131n\u0131 da t\u0259sdiql\u0259yib.<\/p>\n<p>M\u0259hk\u0259m\u0259d\u0259 &ccedil;\u0131x\u0131\u015f ed\u0259n Rafael X\u0259l\u0259fov elan olunan istintaq zaman\u0131 verdiyi ifad\u0259l\u0259rini t\u0259sdiql\u0259yib. Amma o, ilkin izahat\u0131n\u0131 t\u0259sdiq etm\u0259yib.<\/p>\n<p>Nizami M\u0259mm\u0259dovun v\u0259kili R\u0259\u015fad Mirmehdizad\u0259nin suallar\u0131n\u0131 cavabland\u0131ran \u015fahid deyib ki, yoxlama v\u0259 t\u0259fti\u015f zaman\u0131 y\u0131\u011f\u0131lan pullar\u0131n 50 faizi Nizami M\u0259mm\u0259dova &ccedil;at\u0131b, yerd\u0259 qalan pullar is\u0259 dig\u0259r \u015f\u0259xsl\u0259r aras\u0131nda b&ouml;l&uuml;n&uuml;b.<\/p>\n<p>Suallara cavab ver\u0259n \u015fahid deyib ki, 2-ci ordu korpusunda apar\u0131lan yoxlama zaman\u0131 2 milyon 500 min manat yeyinti a\u015fkar edilib. O deyib ki, t\u0259qsirl\u0259ndiril\u0259n Bayram Bayramov Nizami M\u0259mm\u0259dovun \u0259n yax\u0131n adam\u0131 olub.<\/p>\n<p>\u0130zahat ver\u0259n Bayram Bayramov bildirib ki, onun Nizami M\u0259mm\u0259dovla \u015f\u0259xsi m&uuml;nasib\u0259ti olmay\u0131b, yaln\u0131z xidm\u0259td\u0259 tabe&ccedil;ilik \u0259laq\u0259l\u0259ri olub. Onun s&ouml;zl\u0259rin\u0259 g&ouml;r\u0259, yoxlamalar zaman\u0131 950 min manat\u0131 H\u0259s\u0259n Pa\u015fayev\u0259 verib: &quot;H\u0259s\u0259n Pa\u015fayev d\u0259 h\u0259min pulu Rafael X\u0259l\u0259fova &ccedil;atd\u0131r\u0131b. \u0130ndi h\u0259min v\u0259saitin 700 min manat\u0131 etiraf olunur. Qalan pulun kim\u0259 &ccedil;atd\u0131\u011f\u0131 bilinmir&quot;.<\/p>\n<p>Daha sonra &ccedil;\u0131x\u0131\u015f ed\u0259n Nizami M\u0259mm\u0259dov deyib ki, yoxlama aparan v\u0259 yoxlamas\u0131 apar\u0131lan \u015f\u0259xsl\u0259ri he&ccedil; vaxt xidm\u0259ti ota\u011f\u0131na &ccedil;a\u011f\u0131rmay\u0131b v\u0259 onlarla s&ouml;hb\u0259t etm\u0259yib: &quot;Bu i\u015fl\u0259rl\u0259 Rafael X\u0259l\u0259fov m\u0259\u015f\u011ful olub. M\u0259n d\u0259 ona inanm\u0131\u015fam. Buna g&ouml;r\u0259 d\u0259 ba\u015fqa \u015f\u0259xsl\u0259rl\u0259 s&ouml;hb\u0259t aparmam\u0131\u015fam. Bunu ets\u0259ydim, d&uuml;zg&uuml;n olmazd\u0131. Bu n\u0259zar\u0259t\u0259 n\u0259zar\u0259t olard\u0131. M\u0259n Rafael X\u0259l\u0259fova bu i\u015fl\u0259rd\u0259 inanm\u0131\u015fam, ona h\u0259r \u015feyi etibar etmi\u015f\u0259m. N\u0259 bil\u0259ydim ki, ba\u015f\u0131m\u0131n alt\u0131nda ilan saxlay\u0131rm\u0131\u015fam. Rafael X\u0259l\u0259fov istintaq zaman\u0131 xarakterini, m\u0259hk\u0259m\u0259d\u0259 is\u0259 t\u0259rbiy\u0259sini g&ouml;st\u0259rdi&quot;.<\/p>\n<p>Bu zaman generalla polkovnik aras\u0131nda q\u0131sa m&uuml;bahis\u0259 yaran\u0131b. M&uuml;bahis\u0259 sakitl\u0259\u015fdiril\u0259nd\u0259n sonra is\u0259 dig\u0259r t\u0259qsirl\u0259ndiril\u0259n V&uuml;sal \u018flizad\u0259 deyib ki, m&uuml;xt\u0259lif m\u0259bl\u0259\u011fl\u0259rd\u0259 Rafael X\u0259l\u0259fova pullar verib. Onun s&ouml;zl\u0259rin\u0259 g&ouml;r\u0259, h\u0259min pullar\u0131n verilm\u0259sini istintaq zaman\u0131 dem\u0259yib.<\/p>\n<p>Hakim is\u0259 bu m\u0259s\u0259l\u0259nin ittiham\u0131n &ccedil;\u0259r&ccedil;iv\u0259sind\u0259n k\u0259nar oldu\u011funu deyib. Bildirib ki, m\u0259hk\u0259m\u0259d\u0259 yaln\u0131z veril\u0259n ittiham &ccedil;\u0259r&ccedil;iv\u0259sind\u0259 i\u015f\u0259 bax\u0131l\u0131r.<\/p>\n<p>Daha sonra Nizami M\u0259mm\u0259dovun v\u0259kili R\u0259\u015fad Mirmehdizad\u0259 v\u0259sat\u0259tl\u0259 &ccedil;\u0131x\u0131\u015f edib. O bildirib ki, Rafael X\u0259l\u0259fovun bir &ccedil;ox \u015fahidl\u0259rl\u0259 \u0259laq\u0259si olub. V\u0259kil Rafael X\u0259l\u0259fovun b&uuml;t&uuml;n m\u0259hk\u0259m\u0259 iclaslar\u0131nda i\u015ftirak etm\u0259sini, \u015fahidl\u0259r ifad\u0259 ver\u0259n zaman &ccedil;arpaz dindirilm\u0259nin apar\u0131lmas\u0131n\u0131 ist\u0259yib.<\/p>\n","protected":false},"excerpt":{"rendered":"<p>M&uuml;dafi\u0259 Nazirliyinin m\u0259nims\u0259m\u0259y\u0259 g&ouml;r\u0259 tutulmu\u015f Maliyy\u0259 v\u0259 B&uuml;dc\u0259 \u0130dar\u0259sinin sabiq r\u0259isi general-mayor Nizami M\u0259mm\u0259dov, H\u0259rbi Hava Q&uuml;vv\u0259l\u0259rinin Maliyy\u0259 Xidm\u0259tinin sabiq r\u0259isi, polkovnik C\u0259lal Kaz\u0131mov, Quru Qo\u015funlar\u0131n maliyy\u0259 idar\u0259sinin r\u0259isi Bayram&hellip;<\/p>\n","protected":false},"author":1,"featured_media":251278,"comment_status":"open","ping_status":"open","sticky":false,"template":"","format":"standard","meta":{"_lmt_disableupdate":"","_lmt_disable":"","footnotes":""},"categories":[],"tags":[],"class_list":["post-192187","post","type-post","status-publish","format-standard","has-post-thumbnail","hentry"],"_links":{"self":[{"href":"https:\/\/ucnoqta.az\/index.php?rest_route=\/wp\/v2\/posts\/192187","targetHints":{"allow":["GET"]}}],"collection":[{"href":"https:\/\/ucnoqta.az\/index.php?rest_route=\/wp\/v2\/posts"}],"about":[{"href":"https:\/\/ucnoqta.az\/index.php?rest_route=\/wp\/v2\/types\/post"}],"author":[{"embeddable":true,"href":"https:\/\/ucnoqta.az\/index.php?rest_route=\/wp\/v2\/users\/1"}],"replies":[{"embeddable":true,"href":"https:\/\/ucnoqta.az\/index.php?rest_route=%2Fwp%2Fv2%2Fcomments&post=192187"}],"version-history":[{"count":0,"href":"https:\/\/ucnoqta.az\/index.php?rest_route=\/wp\/v2\/posts\/192187\/revisions"}],"wp:featuredmedia":[{"embeddable":true,"href":"https:\/\/ucnoqta.az\/index.php?rest_route=\/wp\/v2\/media\/251278"}],"wp:attachment":[{"href":"https:\/\/ucnoqta.az\/index.php?rest_route=%2Fwp%2Fv2%2Fmedia&parent=192187"}],"wp:term":[{"taxonomy":"category","embeddable":true,"href":"https:\/\/ucnoqta.az\/index.php?rest_route=%2Fwp%2Fv2%2Fcategories&post=192187"},{"taxonomy":"post_tag","embeddable":true,"href":"https:\/\/ucnoqta.az\/index.php?rest_route=%2Fwp%2Fv2%2Ftags&post=192187"}],"curies":[{"name":"wp","href":"https:\/\/api.w.org\/{rel}","templated":true}]}}