{"id":190210,"date":"2023-11-12T09:52:00","date_gmt":"2023-11-12T05:52:00","guid":{"rendered":""},"modified":"-0001-11-30T00:00:00","modified_gmt":"-0001-11-29T20:00:00","slug":"","status":"publish","type":"post","link":"https:\/\/ucnoqta.az\/?p=190210","title":{"rendered":"Ke\u00e7mi\u015f iqtisadiyyat naziri h\u0259bs edildi"},"content":{"rendered":"<p><strong>Astanan\u0131n ixtisasla\u015fd\u0131r\u0131lm\u0131\u015f rayonlararas\u0131 istintaq m\u0259hk\u0259m\u0259si Qazax\u0131stan\u0131n ke&ccedil;mi\u015f milli iqtisadiyyat naziri Kuand\u0131q Bi\u015fimbayevin iki ayl\u0131q h\u0259bsin\u0259 q\u0259rar verib.<\/strong><\/p>\n<p>APA&nbsp;x\u0259b\u0259r verir ki, bu bar\u0259d\u0259 m\u0259hk\u0259m\u0259nin m\u0259tbuat xidm\u0259tind\u0259n m\u0259lumat verilib.<\/p>\n<p>&ldquo;Noyabr\u0131n 11-d\u0259 Astana \u015f\u0259h\u0259rinin ixtisasla\u015fd\u0131r\u0131lm\u0131\u015f rayonlararas\u0131 istintaq m\u0259hk\u0259m\u0259si \u015f&uuml;bh\u0259li Kuand\u0131q Bi\u015fimbayev bar\u0259sind\u0259 iki ay m&uuml;dd\u0259tin\u0259 h\u0259bs q\u0259timkan t\u0259dbiri se&ccedil;ib. Daha geni\u015f m\u0259lumatlar Qazax\u0131stan Cinay\u0259t-Prosessual M\u0259c\u0259ll\u0259sinin 201-ci madd\u0259sin\u0259 uy\u011fun olaraq a&ccedil;\u0131qlana bilm\u0259z&rdquo;, &#8211; m\u0259lumatda deyilir.<\/p>\n<p>H&uuml;quq-m&uuml;hafiz\u0259 orqanlar\u0131 sabiq milli iqtisadiyyat nazirinin n\u0259d\u0259 \u015f&uuml;bh\u0259li bilindiyi bar\u0259d\u0259 h\u0259l\u0259lik m\u0259lumat verm\u0259yib.<\/p>\n","protected":false},"excerpt":{"rendered":"<p>Astanan\u0131n ixtisasla\u015fd\u0131r\u0131lm\u0131\u015f rayonlararas\u0131 istintaq m\u0259hk\u0259m\u0259si Qazax\u0131stan\u0131n ke&ccedil;mi\u015f milli iqtisadiyyat naziri Kuand\u0131q Bi\u015fimbayevin iki ayl\u0131q h\u0259bsin\u0259 q\u0259rar verib. APA&nbsp;x\u0259b\u0259r verir ki, bu bar\u0259d\u0259 m\u0259hk\u0259m\u0259nin m\u0259tbuat xidm\u0259tind\u0259n m\u0259lumat verilib. &ldquo;Noyabr\u0131n 11-d\u0259 Astana&hellip;<\/p>\n","protected":false},"author":1,"featured_media":251278,"comment_status":"open","ping_status":"open","sticky":false,"template":"","format":"standard","meta":{"_lmt_disableupdate":"","_lmt_disable":"","footnotes":""},"categories":[89],"tags":[],"class_list":["post-190210","post","type-post","status-publish","format-standard","has-post-thumbnail","hentry","category-dunya-butun-xeberler"],"_links":{"self":[{"href":"https:\/\/ucnoqta.az\/index.php?rest_route=\/wp\/v2\/posts\/190210","targetHints":{"allow":["GET"]}}],"collection":[{"href":"https:\/\/ucnoqta.az\/index.php?rest_route=\/wp\/v2\/posts"}],"about":[{"href":"https:\/\/ucnoqta.az\/index.php?rest_route=\/wp\/v2\/types\/post"}],"author":[{"embeddable":true,"href":"https:\/\/ucnoqta.az\/index.php?rest_route=\/wp\/v2\/users\/1"}],"replies":[{"embeddable":true,"href":"https:\/\/ucnoqta.az\/index.php?rest_route=%2Fwp%2Fv2%2Fcomments&post=190210"}],"version-history":[{"count":0,"href":"https:\/\/ucnoqta.az\/index.php?rest_route=\/wp\/v2\/posts\/190210\/revisions"}],"wp:featuredmedia":[{"embeddable":true,"href":"https:\/\/ucnoqta.az\/index.php?rest_route=\/wp\/v2\/media\/251278"}],"wp:attachment":[{"href":"https:\/\/ucnoqta.az\/index.php?rest_route=%2Fwp%2Fv2%2Fmedia&parent=190210"}],"wp:term":[{"taxonomy":"category","embeddable":true,"href":"https:\/\/ucnoqta.az\/index.php?rest_route=%2Fwp%2Fv2%2Fcategories&post=190210"},{"taxonomy":"post_tag","embeddable":true,"href":"https:\/\/ucnoqta.az\/index.php?rest_route=%2Fwp%2Fv2%2Ftags&post=190210"}],"curies":[{"name":"wp","href":"https:\/\/api.w.org\/{rel}","templated":true}]}}