{"id":190207,"date":"2023-11-11T22:31:49","date_gmt":"2023-11-11T18:31:49","guid":{"rendered":""},"modified":"-0001-11-30T00:00:00","modified_gmt":"-0001-11-29T20:00:00","slug":"","status":"publish","type":"post","link":"https:\/\/ucnoqta.az\/?p=190207","title":{"rendered":"&#8220;\u0130ran s\u0259firinin t\u0259xribat xarakterli \u0259sass\u0131z fikirl\u0259rini q\u0259tiyy\u0259tl\u0259 pisl\u0259yirik&#8221; &#8211;"},"content":{"rendered":"<p><strong>\u0130ran \u0130slam Respublikas\u0131n\u0131n Erm\u0259nistan Respublikas\u0131ndak\u0131 s\u0259firi Mehdi S&uuml;bhaninin Erm\u0259nistan\u0131n &ldquo;Civil Net&rdquo; platformas\u0131na verdiyi m&uuml;sahib\u0259 zaman\u0131 s\u0259sl\u0259ndirdiyi t\u0259xribat xarakterli \u0259sass\u0131z fikirl\u0259ri q\u0259tiyy\u0259tl\u0259 pisl\u0259yirik.<\/strong><\/p>\n<p>Ucnoqta.az x\u0259b\u0259r verir ki, bu bar\u0259d\u0259 Xarici \u0130\u015fl\u0259r Nazirliyinin M\u0259tbuat xidm\u0259ti idar\u0259sinin r\u0259isi, m\u0259tbuat katibi Ayxan Hac\u0131zad\u0259nin \u0130ran\u0131n Erm\u0259nistandak\u0131 s\u0259firi Mehdi S&uuml;bhaninin s\u0259sl\u0259ndirdiyi q\u0259r\u0259zli fikirl\u0259r\u0259 dair \u015f\u0259rhind\u0259 bildirib.<\/p>\n<p>Onun s&ouml;zl\u0259rin\u0259 g&ouml;r\u0259, Az\u0259rbaycan v\u0259 \u0130ran aras\u0131nda bir-birinin \u0259razi b&uuml;t&ouml;vl&uuml;y&uuml; v\u0259 suverenliyin\u0259 qar\u015f\u0131l\u0131ql\u0131 h&ouml;rm\u0259t\u0259 \u0259saslanan m&uuml;nasib\u0259tl\u0259r\u0259 x\u0259l\u0259l g\u0259tir\u0259n bu fikirl\u0259r eyni zamanda, iki &ouml;lk\u0259nin prezidenti aras\u0131nda 9 noyabr 2023-c&uuml; il tarixind\u0259 Da\u015fk\u0259ndd\u0259 ba\u015f tutmu\u015f g&ouml;r&uuml;\u015f zaman\u0131 \u0130ran Prezidenti t\u0259r\u0259find\u0259n s\u0259sl\u0259ndiril\u0259n fikirl\u0259rl\u0259 ziddiyy\u0259t t\u0259\u015fkil edir. Bel\u0259 ki, s&ouml;z&uuml;ged\u0259n g&ouml;r&uuml;\u015f zaman\u0131 \u0130ran \u0130slam Respublikas\u0131n\u0131n Prezidenti Seyid \u0130brahim R\u0259isi Az\u0259rbaycan\u0131n uzun ill\u0259rd\u0259n sonra &ouml;z \u0259razi b&uuml;t&ouml;vl&uuml;y&uuml;n&uuml; t\u0259min etdiyini, Qaraba\u011f\u0131n yenid\u0259n Az\u0259rbaycana qovu\u015fdu\u011funu sevincl\u0259 qeyd edib.<\/p>\n<p>S&ouml;z&ccedil;&uuml;s&uuml; vur\u011fulay\u0131b ki, \u0130ran Prezidentinin s&ouml;zl\u0259ri, habel\u0259 son d&ouml;vrl\u0259rd\u0259 Az\u0259rbaycan v\u0259 \u0130ran aras\u0131nda ikit\u0259r\u0259fli m&uuml;nasib\u0259tl\u0259rin inki\u015faf\u0131nda m&uuml;sb\u0259t dinamikan\u0131n fonunda \u0130ran s\u0259firinin \u0259razi b&uuml;t&ouml;vl&uuml;y&uuml;m&uuml;z v\u0259 suverenliyimiz\u0259 qar\u015f\u0131 s\u0259sl\u0259ndirdiyi fikirl\u0259ri t\u0259xribat kimi qiym\u0259tl\u0259ndiririk.<\/p>\n<p>\u0130ran t\u0259r\u0259find\u0259n is\u0259 m&uuml;nasib\u0259tl\u0259rimizin ruhuna uy\u011fun olmayan bu kimi add\u0131mlar\u0131n qar\u015f\u0131s\u0131n\u0131n al\u0131nmas\u0131n\u0131, habel\u0259 s\u0259fir t\u0259r\u0259find\u0259n s\u0259sl\u0259ndirilmi\u015f fikirl\u0259rl\u0259 ba\u011fl\u0131 \u0130ran t\u0259r\u0259find\u0259n m&uuml;vafiq add\u0131mlar at\u0131laca\u011f\u0131n\u0131 g&ouml;zl\u0259yirik.<\/p>\n","protected":false},"excerpt":{"rendered":"<p>\u0130ran \u0130slam Respublikas\u0131n\u0131n Erm\u0259nistan Respublikas\u0131ndak\u0131 s\u0259firi Mehdi S&uuml;bhaninin Erm\u0259nistan\u0131n &ldquo;Civil Net&rdquo; platformas\u0131na verdiyi m&uuml;sahib\u0259 zaman\u0131 s\u0259sl\u0259ndirdiyi t\u0259xribat xarakterli \u0259sass\u0131z fikirl\u0259ri q\u0259tiyy\u0259tl\u0259 pisl\u0259yirik. Ucnoqta.az x\u0259b\u0259r verir ki, bu bar\u0259d\u0259 Xarici \u0130\u015fl\u0259r&hellip;<\/p>\n","protected":false},"author":1,"featured_media":251278,"comment_status":"open","ping_status":"open","sticky":false,"template":"","format":"standard","meta":{"_lmt_disableupdate":"","_lmt_disable":"","footnotes":""},"categories":[86],"tags":[],"class_list":["post-190207","post","type-post","status-publish","format-standard","has-post-thumbnail","hentry","category-siyaset"],"_links":{"self":[{"href":"https:\/\/ucnoqta.az\/index.php?rest_route=\/wp\/v2\/posts\/190207","targetHints":{"allow":["GET"]}}],"collection":[{"href":"https:\/\/ucnoqta.az\/index.php?rest_route=\/wp\/v2\/posts"}],"about":[{"href":"https:\/\/ucnoqta.az\/index.php?rest_route=\/wp\/v2\/types\/post"}],"author":[{"embeddable":true,"href":"https:\/\/ucnoqta.az\/index.php?rest_route=\/wp\/v2\/users\/1"}],"replies":[{"embeddable":true,"href":"https:\/\/ucnoqta.az\/index.php?rest_route=%2Fwp%2Fv2%2Fcomments&post=190207"}],"version-history":[{"count":0,"href":"https:\/\/ucnoqta.az\/index.php?rest_route=\/wp\/v2\/posts\/190207\/revisions"}],"wp:featuredmedia":[{"embeddable":true,"href":"https:\/\/ucnoqta.az\/index.php?rest_route=\/wp\/v2\/media\/251278"}],"wp:attachment":[{"href":"https:\/\/ucnoqta.az\/index.php?rest_route=%2Fwp%2Fv2%2Fmedia&parent=190207"}],"wp:term":[{"taxonomy":"category","embeddable":true,"href":"https:\/\/ucnoqta.az\/index.php?rest_route=%2Fwp%2Fv2%2Fcategories&post=190207"},{"taxonomy":"post_tag","embeddable":true,"href":"https:\/\/ucnoqta.az\/index.php?rest_route=%2Fwp%2Fv2%2Ftags&post=190207"}],"curies":[{"name":"wp","href":"https:\/\/api.w.org\/{rel}","templated":true}]}}