{"id":190206,"date":"2023-11-11T21:12:41","date_gmt":"2023-11-11T17:12:41","guid":{"rendered":""},"modified":"-0001-11-30T00:00:00","modified_gmt":"-0001-11-29T20:00:00","slug":"","status":"publish","type":"post","link":"https:\/\/ucnoqta.az\/?p=190206","title":{"rendered":"Ceyhun Bayramov \u0130srail-F\u0259l\u0259stin toqqu\u015fmas\u0131ndan dan\u0131\u015fd\u0131"},"content":{"rendered":"<p><strong>Az\u0259rbaycan\u0131n xarici i\u015fl\u0259r naziri Ceyhun Bayramov S\u0259udiyy\u0259 \u018fr\u0259bistan\u0131na i\u015fg&uuml;zar s\u0259f\u0259ri &ccedil;\u0259r&ccedil;iv\u0259sind\u0259 Birg\u0259 \u018fr\u0259b \u0130slam F&ouml;vq\u0259lad\u0259 Sammitind\u0259 i\u015ftirak v\u0259 &ccedil;\u0131x\u0131\u015f edib.<\/strong><\/p>\n<p>Bu bar\u0259d\u0259&nbsp;Ucnoqta.az-a Az\u0259rbaycan\u0131n Xarici \u0130\u015fl\u0259r Nazirliyind\u0259n m\u0259lumat verilib.<\/p>\n<p>Bildirilib ki, &ccedil;\u0131x\u0131\u015f\u0131nda nazir Ceyhun Bayramov \u0130srail-F\u0259l\u0259stin m&uuml;naqi\u015f\u0259 zonas\u0131nda m&ouml;vcud g\u0259rginliyin davam etm\u0259sinin, x&uuml;susil\u0259 m&uuml;lki \u015f\u0259xsl\u0259rin haz\u0131rki eskalasiyadan \u0259n &ccedil;ox \u0259ziyy\u0259t &ccedil;\u0259k\u0259n t\u0259r\u0259f olmas\u0131n\u0131n ciddi narahatl\u0131q do\u011furdu\u011funu vur\u011fulay\u0131b. Az\u0259rbaycan ad\u0131ndan m&uuml;naqi\u015f\u0259 qurbanlar\u0131n\u0131n ail\u0259l\u0259rin\u0259 ba\u015fsa\u011fl\u0131\u011f\u0131 ifad\u0259 olunub.<\/p>\n<p>Az\u0259rbaycan\u0131n v\u0259ziyy\u0259tin t\u0259cili deeskalasiyas\u0131, habel\u0259 h\u0259rbi \u0259m\u0259liyyatlar\u0131n t\u0259xir\u0259sal\u0131nmaz \u015f\u0259kild\u0259 dayand\u0131r\u0131lmas\u0131 istiqam\u0259tind\u0259 &ccedil;a\u011f\u0131r\u0131\u015flara qo\u015fuldu\u011fu, h\u0259m&ccedil;inin b&uuml;t&uuml;n Yax\u0131n \u015e\u0259rq b&ouml;lg\u0259si &uuml;&ccedil;&uuml;n h\u0259ssas olan m&ouml;vcud v\u0259ziyy\u0259ti daha da a\u011f\u0131rla\u015fd\u0131ra bil\u0259c\u0259k davran\u0131\u015flardan &ccedil;\u0259kinilm\u0259sinin vacibliyi vur\u011fulan\u0131b. Bu istiqam\u0259td\u0259, beyn\u0259lxalq ictimaiyy\u0259tin b&uuml;t&uuml;n s\u0259yl\u0259rinin s\u0259f\u0259rb\u0259r edilm\u0259sinin \u0259h\u0259miyy\u0259t da\u015f\u0131d\u0131\u011f\u0131 diqq\u0259t\u0259 &ccedil;atd\u0131r\u0131l\u0131b.<\/p>\n<p>Nazir Ceyhun Bayramov \u0130srail-F\u0259l\u0259stin m&uuml;naqi\u015f\u0259sinin beyn\u0259lxalq h&uuml;quq normalar\u0131 v\u0259 Birl\u0259\u015fmi\u015f Mill\u0259tl\u0259r T\u0259\u015fkilat\u0131n\u0131n (BMT) m&uuml;vafiq q\u0259tnam\u0259l\u0259rin\u0259 uy\u011fun olaraq, iki d&ouml;vl\u0259t prinsipi \u0259sas\u0131nda h\u0259llini d\u0259st\u0259kl\u0259diyini bir daha diqq\u0259t\u0259 &ccedil;atd\u0131r\u0131b.<\/p>\n<p>F\u0259l\u0259stin m\u0259s\u0259l\u0259sinin \u0259dal\u0259tli h\u0259llini tapmas\u0131, o c&uuml;ml\u0259d\u0259n m&uuml;naqi\u015f\u0259nin n\u0259tic\u0259l\u0259rinin aradan qald\u0131r\u0131lmas\u0131 istiqam\u0259tind\u0259 g&ouml;st\u0259ril\u0259n s\u0259yl\u0259r\u0259 &ouml;lk\u0259mizin aktiv \u015f\u0259kild\u0259 t&ouml;hf\u0259 verdiyi, Qo\u015fulmama H\u0259r\u0259kat\u0131na s\u0259drliyimiz d&ouml;vr&uuml;nd\u0259 m\u0259s\u0259l\u0259y\u0259 g&ouml;st\u0259rdiyimiz h\u0259ssasl\u0131q, habel\u0259 BMT-nin m&uuml;vafiq ixtisasla\u015fm\u0131\u015f qurumlar\u0131 vasit\u0259sil\u0259 F\u0259l\u0259stin xalq\u0131n\u0131n humanitar ehtiyaclar\u0131n\u0131n &ouml;d\u0259nm\u0259si istiqam\u0259tind\u0259 edil\u0259n yard\u0131mlar qeyd olunub. &Ouml;lk\u0259mizin F\u0259l\u0259stin D&ouml;vl\u0259tind\u0259 (Ramallah \u015f\u0259h\u0259rind\u0259) T\u0259msil&ccedil;ilik Ofisi t\u0259sis etm\u0259sinin bu istiqam\u0259td\u0259 \u0259m\u0259kda\u015fl\u0131\u011fa daha yax\u0131ndan t&ouml;hf\u0259 ver\u0259c\u0259yi diqq\u0259t\u0259 &ccedil;atd\u0131r\u0131l\u0131b. Az\u0259rbaycan\u0131n F\u0259l\u0259stin xalq\u0131na humanitar d\u0259st\u0259yi bundan sonra da davam etdir\u0259c\u0259yi bildirilib.<\/p>\n<p>Son d&ouml;vrd\u0259 regionda v\u0259 d&uuml;nyada ba\u015f ver\u0259n hadis\u0259l\u0259r, m&ouml;vcud qeyri-sabitliyin birba\u015fa olaraq beyn\u0259lxalq h&uuml;ququn t\u0259tbiqind\u0259 ikili standartlar problemind\u0259n qaynaqland\u0131\u011f\u0131, bu istiqam\u0259td\u0259 beyn\u0259lxalq t\u0259\u015fkilatlar, o c&uuml;ml\u0259d\u0259n BMT sistemind\u0259 islahatlar\u0131n z\u0259ruri oldu\u011fu vur\u011fulan\u0131b.<\/p>\n<p>Nazir Ceyhun Bayramov, 30 il\u0259 yax\u0131n m&uuml;dd\u0259t \u0259rzind\u0259 Erm\u0259nistan\u0131n h\u0259rbi i\u015f\u011fal\u0131 v\u0259 m&uuml;naqi\u015f\u0259d\u0259n \u0259ziyy\u0259t &ccedil;\u0259k\u0259n bir &ouml;lk\u0259 kimi \u0130slam \u018fm\u0259kda\u015fl\u0131q T\u0259\u015fkilat\u0131n\u0131n d\u0259st\u0259k v\u0259 h\u0259mr\u0259yliyini yax\u0131ndan hiss etdiyimizi bildirib. M&uuml;naqi\u015f\u0259 zaman\u0131, habel\u0259 post-m&uuml;naqi\u015f\u0259 d&ouml;vr&uuml;nd\u0259 bir s\u0131ra beyn\u0259lxalq t\u0259\u015fkilatlar\u0131n ikili standartlar\u0131 il\u0259 &uuml;zl\u0259\u015fdiyimiz bir vaxtda g&ouml;st\u0259ril\u0259n \u0259dal\u0259tli m&ouml;vqey\u0259 g&ouml;r\u0259 t\u0259\u015f\u0259kk&uuml;r edilib.<\/p>\n<p>\u018frazil\u0259rimizin qanunsuz i\u015f\u011fal\u0131na son qoyan 44 g&uuml;nl&uuml;k V\u0259t\u0259n m&uuml;harib\u0259sind\u0259n sonra cari ilin 19-20 sentyabr tarixl\u0259rind\u0259 t\u0259r\u0259fimizd\u0259n g&ouml;r&uuml;l\u0259n anti-terror t\u0259dbirl\u0259ri n\u0259tic\u0259sind\u0259 Qaraba\u011f b&ouml;lg\u0259sind\u0259 i\u015f\u011fal d&ouml;vr&uuml;n&uuml;n qal\u0131qlar\u0131 olan erm\u0259ni silahl\u0131 q&uuml;vv\u0259l\u0259rinin m&ouml;vcudlu\u011funa son qoyuldu\u011fu, bununla da b&ouml;lg\u0259d\u0259 s&uuml;lh v\u0259 reinteqrasiya istiqam\u0259tind\u0259 yeni imkanlar\u0131n yarand\u0131\u011f\u0131 diqq\u0259t\u0259 &ccedil;atd\u0131r\u0131l\u0131b.<\/p>\n<p>T\u0259dbirin sonunda birg\u0259 komm&uuml;nike q\u0259bul edilib.<\/p>\n","protected":false},"excerpt":{"rendered":"<p>Az\u0259rbaycan\u0131n xarici i\u015fl\u0259r naziri Ceyhun Bayramov S\u0259udiyy\u0259 \u018fr\u0259bistan\u0131na i\u015fg&uuml;zar s\u0259f\u0259ri &ccedil;\u0259r&ccedil;iv\u0259sind\u0259 Birg\u0259 \u018fr\u0259b \u0130slam F&ouml;vq\u0259lad\u0259 Sammitind\u0259 i\u015ftirak v\u0259 &ccedil;\u0131x\u0131\u015f edib. Bu bar\u0259d\u0259&nbsp;Ucnoqta.az-a Az\u0259rbaycan\u0131n Xarici \u0130\u015fl\u0259r Nazirliyind\u0259n m\u0259lumat verilib. Bildirilib ki,&hellip;<\/p>\n","protected":false},"author":1,"featured_media":251278,"comment_status":"open","ping_status":"open","sticky":false,"template":"","format":"standard","meta":{"_lmt_disableupdate":"","_lmt_disable":"","footnotes":""},"categories":[86],"tags":[],"class_list":["post-190206","post","type-post","status-publish","format-standard","has-post-thumbnail","hentry","category-siyaset"],"_links":{"self":[{"href":"https:\/\/ucnoqta.az\/index.php?rest_route=\/wp\/v2\/posts\/190206","targetHints":{"allow":["GET"]}}],"collection":[{"href":"https:\/\/ucnoqta.az\/index.php?rest_route=\/wp\/v2\/posts"}],"about":[{"href":"https:\/\/ucnoqta.az\/index.php?rest_route=\/wp\/v2\/types\/post"}],"author":[{"embeddable":true,"href":"https:\/\/ucnoqta.az\/index.php?rest_route=\/wp\/v2\/users\/1"}],"replies":[{"embeddable":true,"href":"https:\/\/ucnoqta.az\/index.php?rest_route=%2Fwp%2Fv2%2Fcomments&post=190206"}],"version-history":[{"count":0,"href":"https:\/\/ucnoqta.az\/index.php?rest_route=\/wp\/v2\/posts\/190206\/revisions"}],"wp:featuredmedia":[{"embeddable":true,"href":"https:\/\/ucnoqta.az\/index.php?rest_route=\/wp\/v2\/media\/251278"}],"wp:attachment":[{"href":"https:\/\/ucnoqta.az\/index.php?rest_route=%2Fwp%2Fv2%2Fmedia&parent=190206"}],"wp:term":[{"taxonomy":"category","embeddable":true,"href":"https:\/\/ucnoqta.az\/index.php?rest_route=%2Fwp%2Fv2%2Fcategories&post=190206"},{"taxonomy":"post_tag","embeddable":true,"href":"https:\/\/ucnoqta.az\/index.php?rest_route=%2Fwp%2Fv2%2Ftags&post=190206"}],"curies":[{"name":"wp","href":"https:\/\/api.w.org\/{rel}","templated":true}]}}