{"id":185268,"date":"2023-09-07T10:23:28","date_gmt":"2023-09-07T06:23:28","guid":{"rendered":""},"modified":"-0001-11-30T00:00:00","modified_gmt":"-0001-11-29T20:00:00","slug":"","status":"publish","type":"post","link":"https:\/\/ucnoqta.az\/?p=185268","title":{"rendered":"Prezident Bak\u0131da ke\u00e7iril\u0259n t\u0259dbirl\u0259rd\u0259 i\u015ftirak ed\u0259n nazirl\u0259ri q\u0259bul etdi"},"content":{"rendered":"<p><strong>Prezident \u0130lham \u018fliyev sentyabr\u0131n 7-d\u0259 T&uuml;rk D&ouml;vl\u0259tl\u0259ri T\u0259\u015fkilat\u0131n\u0131n &uuml;zv v\u0259 m&uuml;\u015fahid\u0259&ccedil;i d&ouml;vl\u0259tl\u0259rinin t\u0259bii f\u0259lak\u0259t v\u0259 f&ouml;vq\u0259lad\u0259 hallar\u0131n idar\u0259 edilm\u0259si &uuml;zr\u0259 nazirl\u0259rinin ikinci g&ouml;r&uuml;\u015f&uuml;n&uuml;n v\u0259 &ldquo;Bak\u0131-2023&ldquo; beyn\u0259lxalq t\u0259liminin i\u015ftirak&ccedil;\u0131lar\u0131 &#8211; T&uuml;rk D&ouml;vl\u0259tl\u0259ri T\u0259\u015fkilat\u0131n\u0131n Ba\u015f katibi Kuban\u0131&ccedil;bek &Ouml;m&uuml;raliyev, T&uuml;rkiy\u0259nin daxili i\u015fl\u0259r naziri \u018fli Yerlikaya, Qazax\u0131stan\u0131n f&ouml;vq\u0259lad\u0259 hallar naziri S\u0131r\u0131m \u015earipxanov, Q\u0131r\u011f\u0131z\u0131stan\u0131n f&ouml;vq\u0259lad\u0259 hallar naziri Boobek Ajikeev, &Ouml;zb\u0259kistan\u0131n f&ouml;vq\u0259lad\u0259 hallar naziri Abdulla Kulda\u015fev v\u0259 \u015eimali Kiprin daxili i\u015fl\u0259r naziri Dursun O\u011fuzu q\u0259bul edib.<\/strong><\/p>\n<p>Ucnoqta.az x\u0259b\u0259r verir ki, bu bar\u0259d\u0259 Prezidentin M\u0259tbuat xidm\u0259ti m\u0259lumat yay\u0131b.<\/p>\n","protected":false},"excerpt":{"rendered":"<p>Prezident \u0130lham \u018fliyev sentyabr\u0131n 7-d\u0259 T&uuml;rk D&ouml;vl\u0259tl\u0259ri T\u0259\u015fkilat\u0131n\u0131n &uuml;zv v\u0259 m&uuml;\u015fahid\u0259&ccedil;i d&ouml;vl\u0259tl\u0259rinin t\u0259bii f\u0259lak\u0259t v\u0259 f&ouml;vq\u0259lad\u0259 hallar\u0131n idar\u0259 edilm\u0259si &uuml;zr\u0259 nazirl\u0259rinin ikinci g&ouml;r&uuml;\u015f&uuml;n&uuml;n v\u0259 &ldquo;Bak\u0131-2023&ldquo; beyn\u0259lxalq t\u0259liminin i\u015ftirak&ccedil;\u0131lar\u0131 &#8211; T&uuml;rk&hellip;<\/p>\n","protected":false},"author":1,"featured_media":251278,"comment_status":"open","ping_status":"open","sticky":false,"template":"","format":"standard","meta":{"_lmt_disableupdate":"","_lmt_disable":"","footnotes":""},"categories":[],"tags":[],"class_list":["post-185268","post","type-post","status-publish","format-standard","has-post-thumbnail","hentry"],"_links":{"self":[{"href":"https:\/\/ucnoqta.az\/index.php?rest_route=\/wp\/v2\/posts\/185268","targetHints":{"allow":["GET"]}}],"collection":[{"href":"https:\/\/ucnoqta.az\/index.php?rest_route=\/wp\/v2\/posts"}],"about":[{"href":"https:\/\/ucnoqta.az\/index.php?rest_route=\/wp\/v2\/types\/post"}],"author":[{"embeddable":true,"href":"https:\/\/ucnoqta.az\/index.php?rest_route=\/wp\/v2\/users\/1"}],"replies":[{"embeddable":true,"href":"https:\/\/ucnoqta.az\/index.php?rest_route=%2Fwp%2Fv2%2Fcomments&post=185268"}],"version-history":[{"count":0,"href":"https:\/\/ucnoqta.az\/index.php?rest_route=\/wp\/v2\/posts\/185268\/revisions"}],"wp:featuredmedia":[{"embeddable":true,"href":"https:\/\/ucnoqta.az\/index.php?rest_route=\/wp\/v2\/media\/251278"}],"wp:attachment":[{"href":"https:\/\/ucnoqta.az\/index.php?rest_route=%2Fwp%2Fv2%2Fmedia&parent=185268"}],"wp:term":[{"taxonomy":"category","embeddable":true,"href":"https:\/\/ucnoqta.az\/index.php?rest_route=%2Fwp%2Fv2%2Fcategories&post=185268"},{"taxonomy":"post_tag","embeddable":true,"href":"https:\/\/ucnoqta.az\/index.php?rest_route=%2Fwp%2Fv2%2Ftags&post=185268"}],"curies":[{"name":"wp","href":"https:\/\/api.w.org\/{rel}","templated":true}]}}