{"id":184773,"date":"2023-08-31T11:52:47","date_gmt":"2023-08-31T07:52:47","guid":{"rendered":""},"modified":"-0001-11-30T00:00:00","modified_gmt":"-0001-11-29T20:00:00","slug":"","status":"publish","type":"post","link":"https:\/\/ucnoqta.az\/?p=184773","title":{"rendered":"\u201cAz\u0259rbaycan \u00f6z \u0259razisind\u0259 h\u0259r hans\u0131 bir boz zonan\u0131n olmas\u0131n\u0131 q\u0259bul etm\u0259y\u0259c\u0259k\u201d &#8211;"},"content":{"rendered":"<p><strong>&ldquo;Az\u0259rbaycan &ouml;z \u0259razisind\u0259 h\u0259r hans\u0131 bir boz zonan\u0131n olmas\u0131n\u0131 q\u0259bul etm\u0259y\u0259c\u0259k&rdquo;.<\/strong><\/p>\n<p>&ldquo;Report&rdquo;un A\u011fdama ezam olunan \u0259m\u0259kda\u015f\u0131n\u0131n verdiyi x\u0259b\u0259r\u0259 g&ouml;r\u0259, bunu Az\u0259rbaycan Prezidentinin k&ouml;m\u0259k&ccedil;isi, Prezident Administrasiyas\u0131n\u0131n Xarici siyas\u0259t m\u0259s\u0259l\u0259l\u0259ri \u015f&ouml;b\u0259sinin m&uuml;diri Hikm\u0259t Hac\u0131yev jurnalistl\u0259r\u0259 a&ccedil;\u0131qlamas\u0131nda deyib.<\/p>\n<p>Onun s&ouml;zl\u0259rin\u0259 g&ouml;r\u0259, Erm\u0259nistan Az\u0259rbaycanla raz\u0131la\u015fd\u0131rmadan populizm m\u0259qs\u0259dil\u0259 m&uuml;xt\u0259lif y&uuml;k ma\u015f\u0131nlar\u0131n\u0131 Az\u0259rbaycan s\u0259rh\u0259din\u0259 &#8211; &ldquo;La&ccedil;\u0131n&rdquo; s\u0259rh\u0259d-burax\u0131l\u0131\u015f m\u0259nt\u0259q\u0259sin\u0259 g\u0259tirib:<\/p>\n<p>&quot;D&uuml;n\u0259n d\u0259 b\u0259zi erm\u0259ni lobbisinin t\u0259r\u0259fdar\u0131 v\u0259 t\u0259siri alt\u0131nda olan Avropan\u0131n korrupsioner siyas\u0259t&ccedil;il\u0259ri d\u0259 bu teatr xarakteri da\u015f\u0131yan draman\u0131n t\u0259rkib hiss\u0259si olaraq Az\u0259rbaycan s\u0259rh\u0259din\u0259 do\u011fru g\u0259libl\u0259r. Bu kimi add\u0131mlar\u0131n he&ccedil; bir m\u0259nas\u0131 yoxdur. Bu kimi \u015fou xarakterli add\u0131mlardansa, real m\u0259s\u0259l\u0259l\u0259ri yerind\u0259 h\u0259ll etm\u0259k laz\u0131md\u0131r. Az\u0259rbaycan &ouml;z \u0259razisind\u0259 hans\u0131sa bir boz zonan\u0131n olmas\u0131n\u0131 q\u0259bul etm\u0259y\u0259c\u0259k&rdquo;.<\/p>\n","protected":false},"excerpt":{"rendered":"<p>&ldquo;Az\u0259rbaycan &ouml;z \u0259razisind\u0259 h\u0259r hans\u0131 bir boz zonan\u0131n olmas\u0131n\u0131 q\u0259bul etm\u0259y\u0259c\u0259k&rdquo;. &ldquo;Report&rdquo;un A\u011fdama ezam olunan \u0259m\u0259kda\u015f\u0131n\u0131n verdiyi x\u0259b\u0259r\u0259 g&ouml;r\u0259, bunu Az\u0259rbaycan Prezidentinin k&ouml;m\u0259k&ccedil;isi, Prezident Administrasiyas\u0131n\u0131n Xarici siyas\u0259t m\u0259s\u0259l\u0259l\u0259ri \u015f&ouml;b\u0259sinin m&uuml;diri&hellip;<\/p>\n","protected":false},"author":1,"featured_media":251278,"comment_status":"open","ping_status":"open","sticky":false,"template":"","format":"standard","meta":{"_lmt_disableupdate":"","_lmt_disable":"","footnotes":""},"categories":[86],"tags":[],"class_list":["post-184773","post","type-post","status-publish","format-standard","has-post-thumbnail","hentry","category-siyaset"],"_links":{"self":[{"href":"https:\/\/ucnoqta.az\/index.php?rest_route=\/wp\/v2\/posts\/184773","targetHints":{"allow":["GET"]}}],"collection":[{"href":"https:\/\/ucnoqta.az\/index.php?rest_route=\/wp\/v2\/posts"}],"about":[{"href":"https:\/\/ucnoqta.az\/index.php?rest_route=\/wp\/v2\/types\/post"}],"author":[{"embeddable":true,"href":"https:\/\/ucnoqta.az\/index.php?rest_route=\/wp\/v2\/users\/1"}],"replies":[{"embeddable":true,"href":"https:\/\/ucnoqta.az\/index.php?rest_route=%2Fwp%2Fv2%2Fcomments&post=184773"}],"version-history":[{"count":0,"href":"https:\/\/ucnoqta.az\/index.php?rest_route=\/wp\/v2\/posts\/184773\/revisions"}],"wp:featuredmedia":[{"embeddable":true,"href":"https:\/\/ucnoqta.az\/index.php?rest_route=\/wp\/v2\/media\/251278"}],"wp:attachment":[{"href":"https:\/\/ucnoqta.az\/index.php?rest_route=%2Fwp%2Fv2%2Fmedia&parent=184773"}],"wp:term":[{"taxonomy":"category","embeddable":true,"href":"https:\/\/ucnoqta.az\/index.php?rest_route=%2Fwp%2Fv2%2Fcategories&post=184773"},{"taxonomy":"post_tag","embeddable":true,"href":"https:\/\/ucnoqta.az\/index.php?rest_route=%2Fwp%2Fv2%2Ftags&post=184773"}],"curies":[{"name":"wp","href":"https:\/\/api.w.org\/{rel}","templated":true}]}}