{"id":184766,"date":"2023-08-31T10:56:11","date_gmt":"2023-08-31T06:56:11","guid":{"rendered":""},"modified":"-0001-11-30T00:00:00","modified_gmt":"-0001-11-29T20:00:00","slug":"","status":"publish","type":"post","link":"https:\/\/ucnoqta.az\/?p=184766","title":{"rendered":"Az\u0259rbaycan Fransaya"},"content":{"rendered":"<p><strong>Fransan\u0131n Az\u0259rbaycandak\u0131 s\u0259firi Ann Buayon avqustun 31-d\u0259 Xarici \u0130\u015fl\u0259r Nazirliyin\u0259 (X\u0130N) &ccedil;a\u011f\u0131r\u0131l\u0131b.<\/strong><\/p>\n<p>Ucnoqta.az x\u0259b\u0259r verir ki, bu bar\u0259d\u0259 Xarici \u0130\u015fl\u0259r Nazirliyi (X\u0130N) m\u0259lumat yay\u0131b.<\/p>\n<p>G&ouml;r&uuml;\u015f zaman\u0131 bildirilib ki, Paris \u015f\u0259h\u0259rinin meri Ann \u0130dalqo daxil olmaqla Fransan\u0131n bir ne&ccedil;\u0259 \u015f\u0259h\u0259rinin r\u0259hb\u0259r \u015f\u0259xsl\u0259rinin m&uuml;\u015fayi\u0259ti il\u0259 &ldquo;humanitar y&uuml;k&rdquo; ad\u0131 alt\u0131nda &ldquo;La&ccedil;\u0131n&rdquo; s\u0259rh\u0259d-burax\u0131l\u0131\u015f m\u0259nt\u0259q\u0259si istiqam\u0259tin\u0259 n\u0259qliyyat vasit\u0259l\u0259rinin g&ouml;nd\u0259rilm\u0259si v\u0259 h\u0259min \u015f\u0259xsl\u0259r t\u0259r\u0259find\u0259n Az\u0259rbaycana qar\u015f\u0131 t\u0259xribat&ccedil;\u0131 b\u0259yanatlar s\u0259sl\u0259ndirilm\u0259si il\u0259 ba\u011fl\u0131 X\u0130N-in etiraz notas\u0131 Fransa s\u0259firin\u0259 t\u0259qdim edilib.<\/p>\n<p>Fransa t\u0259r\u0259finin bu add\u0131mlar\u0131n\u0131n Az\u0259rbaycan\u0131n daxili i\u015fl\u0259rin\u0259 birba\u015fa m&uuml;daxil\u0259 olmaqla yana\u015f\u0131, &ouml;lk\u0259mizin beyn\u0259lxalq h&uuml;quqla qorunan suverenliyi v\u0259 \u0259razi b&uuml;t&ouml;vl&uuml;y&uuml;n\u0259 qar\u015f\u0131 q\u0259sd oldu\u011fu vur\u011fulan\u0131b.<\/p>\n<p>Qeyd olunub ki, Erm\u0259nistan\u0131n yalan v\u0259 manipulyasiya kampaniyas\u0131na al\u0259t olan bu t\u0259xribat&ccedil;\u0131 \u0259m\u0259ll\u0259r b&ouml;lg\u0259d\u0259 v\u0259ziyy\u0259tin g\u0259rginl\u0259\u015fm\u0259sin\u0259 y&ouml;n\u0259l\u0259n v\u0259 Fransa t\u0259r\u0259find\u0259n Erm\u0259nistan\u0131 revan\u015fist m&ouml;vqeyini davam etdirm\u0259y\u0259 h\u0259v\u0259sl\u0259ndir\u0259n v\u0259 son g&uuml;nl\u0259r daha da intensivl\u0259\u015f\u0259n add\u0131mlar\u0131n n&ouml;vb\u0259ti n&uuml;mun\u0259sidir.<\/p>\n<p>&ldquo;Az\u0259rbaycan t\u0259r\u0259fi, beyn\u0259lxalq humanitar yard\u0131m\u0131n g&ouml;nd\u0259rilm\u0259si il\u0259 ba\u011fl\u0131 beyn\u0259lxalq h&uuml;quqi &ccedil;\u0259r&ccedil;iv\u0259y\u0259 zidd olaraq n&uuml;mayi\u015fkaran\u0259 \u015f\u0259kild\u0259 Az\u0259rbaycan t\u0259r\u0259fi il\u0259 raz\u0131la\u015fd\u0131rmadan, onun irad\u0259sinin \u0259ksin\u0259 Az\u0259rbaycan\u0131n beyn\u0259lxalq tan\u0131nm\u0131\u015f \u0259razisin\u0259 h\u0259r hans\u0131 bir ad alt\u0131nda y&uuml;kl\u0259rin g&ouml;nd\u0259rilm\u0259si c\u0259hdini t\u0259xribat&ccedil;\u0131 \u0259m\u0259l kimi qiym\u0259tl\u0259ndirib v\u0259 buna q\u0259ti etiraz\u0131 qar\u015f\u0131 t\u0259r\u0259fin diqq\u0259tin\u0259 &ccedil;atd\u0131r\u0131l\u0131b.<\/p>\n<p>Az\u0259rbaycan\u0131n beyn\u0259lxalq h&uuml;quqla qorunan suverenliyi v\u0259 \u0259razi b&uuml;t&ouml;vl&uuml;y&uuml;n\u0259 qar\u015f\u0131 y&ouml;n\u0259l\u0259n, regionda beyn\u0259lxalq aktorlar\u0131n f\u0259al s\u0259yl\u0259ri il\u0259 ir\u0259lil\u0259dil\u0259n k&ouml;vr\u0259k normalla\u015fma prosesini t\u0259hl&uuml;k\u0259 alt\u0131na alan add\u0131mlara son qoyulmas\u0131 Fransa t\u0259r\u0259find\u0259n t\u0259kidl\u0259 t\u0259l\u0259b olunub&rdquo;, &#8211; dey\u0259 Az\u0259rbaycan X\u0130N-in m\u0259lumat\u0131nda bildirilir.<\/p>\n","protected":false},"excerpt":{"rendered":"<p>Fransan\u0131n Az\u0259rbaycandak\u0131 s\u0259firi Ann Buayon avqustun 31-d\u0259 Xarici \u0130\u015fl\u0259r Nazirliyin\u0259 (X\u0130N) &ccedil;a\u011f\u0131r\u0131l\u0131b. Ucnoqta.az x\u0259b\u0259r verir ki, bu bar\u0259d\u0259 Xarici \u0130\u015fl\u0259r Nazirliyi (X\u0130N) m\u0259lumat yay\u0131b. G&ouml;r&uuml;\u015f zaman\u0131 bildirilib ki, Paris \u015f\u0259h\u0259rinin&hellip;<\/p>\n","protected":false},"author":1,"featured_media":251278,"comment_status":"open","ping_status":"open","sticky":false,"template":"","format":"standard","meta":{"_lmt_disableupdate":"","_lmt_disable":"","footnotes":""},"categories":[86],"tags":[],"class_list":["post-184766","post","type-post","status-publish","format-standard","has-post-thumbnail","hentry","category-siyaset"],"_links":{"self":[{"href":"https:\/\/ucnoqta.az\/index.php?rest_route=\/wp\/v2\/posts\/184766","targetHints":{"allow":["GET"]}}],"collection":[{"href":"https:\/\/ucnoqta.az\/index.php?rest_route=\/wp\/v2\/posts"}],"about":[{"href":"https:\/\/ucnoqta.az\/index.php?rest_route=\/wp\/v2\/types\/post"}],"author":[{"embeddable":true,"href":"https:\/\/ucnoqta.az\/index.php?rest_route=\/wp\/v2\/users\/1"}],"replies":[{"embeddable":true,"href":"https:\/\/ucnoqta.az\/index.php?rest_route=%2Fwp%2Fv2%2Fcomments&post=184766"}],"version-history":[{"count":0,"href":"https:\/\/ucnoqta.az\/index.php?rest_route=\/wp\/v2\/posts\/184766\/revisions"}],"wp:featuredmedia":[{"embeddable":true,"href":"https:\/\/ucnoqta.az\/index.php?rest_route=\/wp\/v2\/media\/251278"}],"wp:attachment":[{"href":"https:\/\/ucnoqta.az\/index.php?rest_route=%2Fwp%2Fv2%2Fmedia&parent=184766"}],"wp:term":[{"taxonomy":"category","embeddable":true,"href":"https:\/\/ucnoqta.az\/index.php?rest_route=%2Fwp%2Fv2%2Fcategories&post=184766"},{"taxonomy":"post_tag","embeddable":true,"href":"https:\/\/ucnoqta.az\/index.php?rest_route=%2Fwp%2Fv2%2Ftags&post=184766"}],"curies":[{"name":"wp","href":"https:\/\/api.w.org\/{rel}","templated":true}]}}