{"id":184765,"date":"2023-08-31T10:46:34","date_gmt":"2023-08-31T06:46:34","guid":{"rendered":""},"modified":"-0001-11-30T00:00:00","modified_gmt":"-0001-11-29T20:00:00","slug":"","status":"publish","type":"post","link":"https:\/\/ucnoqta.az\/?p=184765","title":{"rendered":"\u0130lham \u018fliyev \u201cTotal Energies\u201din ba\u015f icra\u00e7\u0131 direktorunu q\u0259bul edib"},"content":{"rendered":"<p><strong>Az\u0259rbaycan Respublikas\u0131n\u0131n Prezidenti \u0130lham \u018fliyev avqustun 31-d\u0259 &ldquo;Total Energies&rdquo; \u015firk\u0259tinin ba\u015f icra&ccedil;\u0131 direktoru Patrik Puyanneni q\u0259bul edib.<\/strong><\/p>\n<p>Ucnoqta.az x\u0259b\u0259r verir ki, g&ouml;r&uuml;\u015fd\u0259 &ldquo;Ab\u015feron&rdquo; yata\u011f\u0131nda hasilat\u0131n ba\u015flan\u0131lmas\u0131 vur\u011fulan\u0131b v\u0259 layih\u0259nin parametrl\u0259ri bar\u0259d\u0259 d&ouml;vl\u0259t ba\u015f&ccedil;\u0131s\u0131na \u0259trafl\u0131 m\u0259lumat verilib.<\/p>\n<p>Qeyd edilib ki, hasilat quyusu \u0259n m\u0259hsuldar v\u0259 \u0259n a\u015fa\u011f\u0131 karbon tullant\u0131lar\u0131na malik quyudur. Bu da yata\u011f\u0131n potensial\u0131n\u0131n z\u0259nginliyinin v\u0259 perspektivinin ayd\u0131n g&ouml;st\u0259ricisidir.<\/p>\n<p>S&ouml;hb\u0259t zaman\u0131 &ldquo;Total Energies&rdquo; \u015firk\u0259tinin Az\u0259rbaycanda f\u0259aliyy\u0259tinin geni\u015fl\u0259ndirilm\u0259si, o c&uuml;ml\u0259d\u0259n &ldquo;Ab\u015feron&rdquo; yata\u011f\u0131n\u0131n tam i\u015fl\u0259nm\u0259 m\u0259rh\u0259l\u0259sin\u0259 ke&ccedil;m\u0259si bar\u0259d\u0259 fikir m&uuml;badil\u0259si apar\u0131l\u0131b, \u015firk\u0259t t\u0259r\u0259find\u0259n layih\u0259l\u0259rd\u0259 i\u015ftirakla ba\u011fl\u0131 maraq ifad\u0259 olunub. &Ouml;lk\u0259 \u0259razisind\u0259, o c&uuml;ml\u0259d\u0259n Nax&ccedil;\u0131vanda b\u0259rpaolunan enerji layih\u0259l\u0259rinin h\u0259yata ke&ccedil;irilm\u0259si perspektivi v\u0259 potensial\u0131 m&uuml;zakir\u0259 edilib.<\/p>\n","protected":false},"excerpt":{"rendered":"<p>Az\u0259rbaycan Respublikas\u0131n\u0131n Prezidenti \u0130lham \u018fliyev avqustun 31-d\u0259 &ldquo;Total Energies&rdquo; \u015firk\u0259tinin ba\u015f icra&ccedil;\u0131 direktoru Patrik Puyanneni q\u0259bul edib. Ucnoqta.az x\u0259b\u0259r verir ki, g&ouml;r&uuml;\u015fd\u0259 &ldquo;Ab\u015feron&rdquo; yata\u011f\u0131nda hasilat\u0131n ba\u015flan\u0131lmas\u0131 vur\u011fulan\u0131b v\u0259 layih\u0259nin parametrl\u0259ri&hellip;<\/p>\n","protected":false},"author":1,"featured_media":251278,"comment_status":"open","ping_status":"open","sticky":false,"template":"","format":"standard","meta":{"_lmt_disableupdate":"","_lmt_disable":"","footnotes":""},"categories":[86],"tags":[],"class_list":["post-184765","post","type-post","status-publish","format-standard","has-post-thumbnail","hentry","category-siyaset"],"_links":{"self":[{"href":"https:\/\/ucnoqta.az\/index.php?rest_route=\/wp\/v2\/posts\/184765","targetHints":{"allow":["GET"]}}],"collection":[{"href":"https:\/\/ucnoqta.az\/index.php?rest_route=\/wp\/v2\/posts"}],"about":[{"href":"https:\/\/ucnoqta.az\/index.php?rest_route=\/wp\/v2\/types\/post"}],"author":[{"embeddable":true,"href":"https:\/\/ucnoqta.az\/index.php?rest_route=\/wp\/v2\/users\/1"}],"replies":[{"embeddable":true,"href":"https:\/\/ucnoqta.az\/index.php?rest_route=%2Fwp%2Fv2%2Fcomments&post=184765"}],"version-history":[{"count":0,"href":"https:\/\/ucnoqta.az\/index.php?rest_route=\/wp\/v2\/posts\/184765\/revisions"}],"wp:featuredmedia":[{"embeddable":true,"href":"https:\/\/ucnoqta.az\/index.php?rest_route=\/wp\/v2\/media\/251278"}],"wp:attachment":[{"href":"https:\/\/ucnoqta.az\/index.php?rest_route=%2Fwp%2Fv2%2Fmedia&parent=184765"}],"wp:term":[{"taxonomy":"category","embeddable":true,"href":"https:\/\/ucnoqta.az\/index.php?rest_route=%2Fwp%2Fv2%2Fcategories&post=184765"},{"taxonomy":"post_tag","embeddable":true,"href":"https:\/\/ucnoqta.az\/index.php?rest_route=%2Fwp%2Fv2%2Ftags&post=184765"}],"curies":[{"name":"wp","href":"https:\/\/api.w.org\/{rel}","templated":true}]}}