{"id":184763,"date":"2023-08-31T10:00:09","date_gmt":"2023-08-31T06:00:09","guid":{"rendered":""},"modified":"-0001-11-30T00:00:00","modified_gmt":"-0001-11-29T20:00:00","slug":"","status":"publish","type":"post","link":"https:\/\/ucnoqta.az\/?p=184763","title":{"rendered":"Livandak\u0131 S\u0259firliyimiz\u0259 h\u00fccum oldu\u00a0&#8211;"},"content":{"rendered":"<p><strong>Az\u0259rbaycan Respublikas\u0131n\u0131n Livan Respublikas\u0131ndak\u0131 S\u0259firliyi qar\u015f\u0131s\u0131nda aksiya ke&ccedil;ir\u0259n 50-y\u0259 yax\u0131n erm\u0259ni\u0259silli \u015f\u0259xsl\u0259r s\u0259firliyin inzibati binas\u0131n\u0131n \u0259traf\u0131ndak\u0131 hasara z\u0259rb\u0259l\u0259r endirib, &ouml;zl\u0259ri il\u0259 g\u0259tirdikl\u0259ri i&ccedil;\u0259risind\u0259 boya olan v\u0259 partlay\u0131c\u0131 b\u0259rkidilmi\u015f \u015f&uuml;\u015f\u0259l\u0259ri s\u0259firliyin inzibati binas\u0131na at\u0131blar<\/strong><\/p>\n<p>Bu bar\u0259d\u0259 Az\u0259rbaycan X\u0130N-d\u0259n Ucnoqta.az-a bildirilib.<\/p>\n<p>H&uuml;cum n\u0259tic\u0259sind\u0259 s\u0259firliyin hey\u0259ti x\u0259sar\u0259t almay\u0131b.<\/p>\n<p>Hadis\u0259 bar\u0259d\u0259 diplomatik n&uuml;may\u0259nd\u0259likl\u0259rin m&uuml;hafiz\u0259sin\u0259 cavabdeh olan quruma m\u0259lumat veril\u0259n kimi h&uuml;quq-m&uuml;hafiz\u0259 orqanlar\u0131 hadis\u0259 yerin\u0259 g\u0259ls\u0259l\u0259r d\u0259, h\u0259min vaxt t\u0259xribat&ccedil;\u0131lar \u0259razid\u0259n uzaqla\u015fma\u011fa m&uuml;v\u0259ff\u0259q olublar.<\/p>\n<p>S\u0259firliy\u0259 qar\u015f\u0131 t&ouml;r\u0259dil\u0259n bu h&uuml;cumla \u0259laq\u0259dar cinay\u0259tkarlar\u0131n a\u015fkarlanmas\u0131 v\u0259 h\u0259bs edilm\u0259si m\u0259qs\u0259dil\u0259, Livan\u0131n Xarici \u0130\u015fl\u0259r Nazirliyin\u0259 m&uuml;vafiq nota t\u0259qdim edilib v\u0259 aidiyy\u0259ti &uuml;zr\u0259 t\u0259dbirl\u0259r h\u0259yata ke&ccedil;irilir.<\/p>\n<p>Haz\u0131rda s\u0259firliyin m&uuml;hafiz\u0259si daha da g&uuml;cl\u0259ndirilib v\u0259 t&ouml;r\u0259dilmi\u015f cinay\u0259tl\u0259 ba\u011fl\u0131 ara\u015fd\u0131rma apar\u0131l\u0131r.<\/p>\n","protected":false},"excerpt":{"rendered":"<p>Az\u0259rbaycan Respublikas\u0131n\u0131n Livan Respublikas\u0131ndak\u0131 S\u0259firliyi qar\u015f\u0131s\u0131nda aksiya ke&ccedil;ir\u0259n 50-y\u0259 yax\u0131n erm\u0259ni\u0259silli \u015f\u0259xsl\u0259r s\u0259firliyin inzibati binas\u0131n\u0131n \u0259traf\u0131ndak\u0131 hasara z\u0259rb\u0259l\u0259r endirib, &ouml;zl\u0259ri il\u0259 g\u0259tirdikl\u0259ri i&ccedil;\u0259risind\u0259 boya olan v\u0259 partlay\u0131c\u0131 b\u0259rkidilmi\u015f \u015f&uuml;\u015f\u0259l\u0259ri s\u0259firliyin&hellip;<\/p>\n","protected":false},"author":1,"featured_media":251278,"comment_status":"open","ping_status":"open","sticky":false,"template":"","format":"standard","meta":{"_lmt_disableupdate":"","_lmt_disable":"","footnotes":""},"categories":[],"tags":[],"class_list":["post-184763","post","type-post","status-publish","format-standard","has-post-thumbnail","hentry"],"_links":{"self":[{"href":"https:\/\/ucnoqta.az\/index.php?rest_route=\/wp\/v2\/posts\/184763","targetHints":{"allow":["GET"]}}],"collection":[{"href":"https:\/\/ucnoqta.az\/index.php?rest_route=\/wp\/v2\/posts"}],"about":[{"href":"https:\/\/ucnoqta.az\/index.php?rest_route=\/wp\/v2\/types\/post"}],"author":[{"embeddable":true,"href":"https:\/\/ucnoqta.az\/index.php?rest_route=\/wp\/v2\/users\/1"}],"replies":[{"embeddable":true,"href":"https:\/\/ucnoqta.az\/index.php?rest_route=%2Fwp%2Fv2%2Fcomments&post=184763"}],"version-history":[{"count":0,"href":"https:\/\/ucnoqta.az\/index.php?rest_route=\/wp\/v2\/posts\/184763\/revisions"}],"wp:featuredmedia":[{"embeddable":true,"href":"https:\/\/ucnoqta.az\/index.php?rest_route=\/wp\/v2\/media\/251278"}],"wp:attachment":[{"href":"https:\/\/ucnoqta.az\/index.php?rest_route=%2Fwp%2Fv2%2Fmedia&parent=184763"}],"wp:term":[{"taxonomy":"category","embeddable":true,"href":"https:\/\/ucnoqta.az\/index.php?rest_route=%2Fwp%2Fv2%2Fcategories&post=184763"},{"taxonomy":"post_tag","embeddable":true,"href":"https:\/\/ucnoqta.az\/index.php?rest_route=%2Fwp%2Fv2%2Ftags&post=184763"}],"curies":[{"name":"wp","href":"https:\/\/api.w.org\/{rel}","templated":true}]}}