{"id":184759,"date":"2023-08-31T09:48:43","date_gmt":"2023-08-31T05:48:43","guid":{"rendered":""},"modified":"-0001-11-30T00:00:00","modified_gmt":"-0001-11-29T20:00:00","slug":"","status":"publish","type":"post","link":"https:\/\/ucnoqta.az\/?p=184759","title":{"rendered":"M\u0259hk\u0259m\u0259 r\u00fc\u015fv\u0259t almaqda ittiham olunan v\u0259zif\u0259li \u015f\u0259xsl\u0259rl\u0259 ba\u011fl\u0131 q\u0259rar\u0131 a\u00e7\u0131qlad\u0131"},"content":{"rendered":"<p><strong>Ali M\u0259hk\u0259m\u0259d\u0259 \u018fmlak M\u0259s\u0259l\u0259l\u0259ri D&ouml;vl\u0259t Xidm\u0259tinin Ab\u015feron \u0259razi \u015f&ouml;b\u0259sinin r\u0259isi Anar Poladov, \u015f&ouml;b\u0259nin ba\u015f m\u0259sl\u0259h\u0259t&ccedil;isi S\u0259buhi Rzayev v\u0259 Afiq \u0130badov bar\u0259sind\u0259ki h&ouml;kmd\u0259n yenid\u0259n veril\u0259n kassasiya \u015fikay\u0259ti &uuml;zr\u0259 m\u0259hk\u0259m\u0259 iclas\u0131 ba\u015fa &ccedil;at\u0131b.<\/strong><\/p>\n<p>Pravda.az-\u0131n \u0259ld\u0259 etdiyi m\u0259lumata g&ouml;r\u0259, hakim Tahir Kaz\u0131movun s\u0259drliyi il\u0259 ke&ccedil;iril\u0259n prosesd\u0259 q\u0259rar elan olunub.<\/p>\n<p>Q\u0259rara \u0259sas\u0259n, onlar\u0131n \u015fikay\u0259ti t\u0259min edilm\u0259yib.<\/p>\n<p>Bak\u0131 A\u011f\u0131r Cinay\u0259tl\u0259r M\u0259hk\u0259m\u0259sinin h&ouml;km&uuml;n\u0259 \u0259sas\u0259n, bar\u0259l\u0259rind\u0259 h\u0259bs q\u0259timkan t\u0259dbiri se&ccedil;ilmi\u015f Anar Poladov v\u0259 S\u0259buhi Rzayev h\u0259r\u0259si 8 il 6 ay m&uuml;dd\u0259tin\u0259 azadl\u0131qdan m\u0259hrum edilibl\u0259r.<\/p>\n<p>Bundan ba\u015fqa, bar\u0259sind\u0259 polis n\u0259zar\u0259tin\u0259 verilm\u0259 q\u0259timkan t\u0259dbiri se&ccedil;ilmi\u015f Afiq Babayev is\u0259 8 il m&uuml;dd\u0259tin\u0259 azadl\u0131qdan m\u0259hrum edilib v\u0259 m\u0259hk\u0259m\u0259 zal\u0131nda h\u0259bs edilib.<\/p>\n<p>\u0130ttihama g&ouml;r\u0259, \u0130qtisadiyyat Nazirliyi yan\u0131nda \u018fmlak M\u0259s\u0259l\u0259l\u0259ri D&ouml;vl\u0259t Xidm\u0259tinin Ab\u015feron \u0259razi \u015f&ouml;b\u0259sinin v\u0259zif\u0259li \u015f\u0259xsl\u0259ri t\u0259r\u0259find\u0259n v\u0259t\u0259nda\u015fa m\u0259xsus Ab\u015feron rayonu, Mehdiabad k\u0259ndind\u0259 yerl\u0259\u015f\u0259n k\u0259nd t\u0259s\u0259rr&uuml;fat\u0131 t\u0259yinatl\u0131 torpaq sah\u0259sind\u0259 apar\u0131lm\u0131\u015f qanunsuz tikintiy\u0259 g&ouml;r\u0259 c\u0259rim\u0259 edilm\u0259m\u0259si v\u0259 g\u0259l\u0259c\u0259kd\u0259 h\u0259min tikintinin s&ouml;k&uuml;lm\u0259m\u0259si m&uuml;qabilind\u0259 ondan 1000 manat m\u0259bl\u0259\u011find\u0259 pul t\u0259l\u0259b edilm\u0259si bar\u0259d\u0259 Ba\u015f prokuror yan\u0131nda Korrupsiyaya qar\u015f\u0131 M&uuml;bariz\u0259 Ba\u015f \u0130dar\u0259sin\u0259 daxil olmu\u015f m\u0259lumat \u0259sas\u0131nda t\u0259xir\u0259sal\u0131nmaz \u0259m\u0259liyyat-axtar\u0131\u015f t\u0259dbirl\u0259ri h\u0259yata ke&ccedil;irilib. \u0130qtisadiyyat Nazirliyinin aidiyy\u0259ti qurumu il\u0259 birg\u0259 ke&ccedil;irilmi\u015f \u0259m\u0259liyyat t\u0259dbiri n\u0259tic\u0259sind\u0259 2 sentyabr 2020-ci il tarixd\u0259 \u018fmlak M\u0259s\u0259l\u0259l\u0259ri D&ouml;vl\u0259t Xidm\u0259tinin Ab\u015feron \u0259razi \u015f&ouml;b\u0259sinin r\u0259isi Anar Poladov h\u0259min \u015f&ouml;b\u0259nin inzibati binas\u0131nda qabaqcadan \u0259lbir oldu\u011fu h\u0259min \u015f&ouml;b\u0259nin ba\u015f m\u0259sl\u0259h\u0259t&ccedil;isi S\u0259buhi Rzayevin t\u0259l\u0259b etdiyi 1000 manat m\u0259bl\u0259\u011find\u0259 r&uuml;\u015fv\u0259tin 900 manat\u0131n\u0131 v\u0259t\u0259nda\u015fdan alark\u0259n cinay\u0259t ba\u015f\u0131nda yaxalan\u0131b. \u0130stintaq ara\u015fd\u0131rmas\u0131 zaman\u0131 daha bir t\u0259qsirl\u0259ndiril\u0259n \u015f\u0259xs Afiq \u0130badov m\u0259suliyy\u0259t\u0259 c\u0259lb olunub. \u0130stintaq orqan\u0131 t\u0259r\u0259find\u0259n t\u0259qsirl\u0259ndiril\u0259n \u015f\u0259xsl\u0259rin bar\u0259sind\u0259 Cinay\u0259t M\u0259c\u0259ll\u0259sinin 311.3.1-ci (qabaqcadan \u0259lbir olan bir qrup \u015f\u0259xs t\u0259r\u0259find\u0259n r&uuml;\u015fv\u0259t alma) v\u0259 311.3.2-ci (t\u0259krar r&uuml;\u015fv\u0259t alma) madd\u0259l\u0259ri si il\u0259 ittiham elan edilib.<\/p>\n<p>&nbsp;<\/p>\n","protected":false},"excerpt":{"rendered":"<p>Ali M\u0259hk\u0259m\u0259d\u0259 \u018fmlak M\u0259s\u0259l\u0259l\u0259ri D&ouml;vl\u0259t Xidm\u0259tinin Ab\u015feron \u0259razi \u015f&ouml;b\u0259sinin r\u0259isi Anar Poladov, \u015f&ouml;b\u0259nin ba\u015f m\u0259sl\u0259h\u0259t&ccedil;isi S\u0259buhi Rzayev v\u0259 Afiq \u0130badov bar\u0259sind\u0259ki h&ouml;kmd\u0259n yenid\u0259n veril\u0259n kassasiya \u015fikay\u0259ti &uuml;zr\u0259 m\u0259hk\u0259m\u0259 iclas\u0131 ba\u015fa&hellip;<\/p>\n","protected":false},"author":1,"featured_media":251278,"comment_status":"open","ping_status":"open","sticky":false,"template":"","format":"standard","meta":{"_lmt_disableupdate":"","_lmt_disable":"","footnotes":""},"categories":[101],"tags":[],"class_list":["post-184759","post","type-post","status-publish","format-standard","has-post-thumbnail","hentry","category-cemiyyet"],"_links":{"self":[{"href":"https:\/\/ucnoqta.az\/index.php?rest_route=\/wp\/v2\/posts\/184759","targetHints":{"allow":["GET"]}}],"collection":[{"href":"https:\/\/ucnoqta.az\/index.php?rest_route=\/wp\/v2\/posts"}],"about":[{"href":"https:\/\/ucnoqta.az\/index.php?rest_route=\/wp\/v2\/types\/post"}],"author":[{"embeddable":true,"href":"https:\/\/ucnoqta.az\/index.php?rest_route=\/wp\/v2\/users\/1"}],"replies":[{"embeddable":true,"href":"https:\/\/ucnoqta.az\/index.php?rest_route=%2Fwp%2Fv2%2Fcomments&post=184759"}],"version-history":[{"count":0,"href":"https:\/\/ucnoqta.az\/index.php?rest_route=\/wp\/v2\/posts\/184759\/revisions"}],"wp:featuredmedia":[{"embeddable":true,"href":"https:\/\/ucnoqta.az\/index.php?rest_route=\/wp\/v2\/media\/251278"}],"wp:attachment":[{"href":"https:\/\/ucnoqta.az\/index.php?rest_route=%2Fwp%2Fv2%2Fmedia&parent=184759"}],"wp:term":[{"taxonomy":"category","embeddable":true,"href":"https:\/\/ucnoqta.az\/index.php?rest_route=%2Fwp%2Fv2%2Fcategories&post=184759"},{"taxonomy":"post_tag","embeddable":true,"href":"https:\/\/ucnoqta.az\/index.php?rest_route=%2Fwp%2Fv2%2Ftags&post=184759"}],"curies":[{"name":"wp","href":"https:\/\/api.w.org\/{rel}","templated":true}]}}