{"id":184754,"date":"2023-08-31T08:42:23","date_gmt":"2023-08-31T04:42:23","guid":{"rendered":""},"modified":"-0001-11-30T00:00:00","modified_gmt":"-0001-11-29T20:00:00","slug":"","status":"publish","type":"post","link":"https:\/\/ucnoqta.az\/?p=184754","title":{"rendered":"Priqojinin g\u00f6r\u00fcnt\u00fcl\u0259ri h\u0259r k\u0259si \u015foka sald\u0131:"},"content":{"rendered":"<p><strong>Priqojinin yyeni videog&ouml;r&uuml;nt&uuml;l\u0259ri h\u0259r k\u0259si \u015foka sal\u0131b<\/strong><\/p>\n<p>Ucnoqta.az x\u0259b\u0259r verir ki, &quot;Vaqner&quot; liderinin sosial \u015f\u0259b\u0259k\u0259d\u0259 g&ouml;r&uuml;nt&uuml;l\u0259ri yay\u0131l\u0131b. G&ouml;r&uuml;nt&uuml;l\u0259rin onun &ouml;l&uuml;m&uuml;nd\u0259n bir ne&ccedil;\u0259 g&uuml;n \u0259vv\u0259l &ccedil;\u0259kildiyi ehtimal edilir.<\/p>\n<p>&quot;M\u0259nim sa\u011f olub olmad\u0131\u011f\u0131m\u0131 m&uuml;zakir\u0259 ed\u0259nl\u0259r\u0259 dem\u0259k ist\u0259yir\u0259m ki, haz\u0131rda istirah\u0259t g&uuml;nl\u0259ridir, avqust ay\u0131n\u0131n ikinci yar\u0131s\u0131, Afrikadayam. M\u0259nim &ouml;l&uuml;m&uuml;m&uuml; m&uuml;zakir\u0259 ed\u0259nl\u0259r\u0259 dem\u0259k ist\u0259yir\u0259m ki, h\u0259r \u015fey qaydas\u0131ndad\u0131r&quot; &#8211; Priqojin deyib.<\/p>\n<p>Bu kadrlar &ouml;l&uuml;md\u0259n bir ne&ccedil;\u0259 g&uuml;n \u0259vv\u0259l &#8211; avqustun 19-u v\u0259 ya 20-d\u0259 &ccedil;\u0259kilib.<\/p>\n<p><iframe allowfullscreen=\"\" frameborder=\"0\" height=\"480\" scrolling=\"no\" src=\"https:\/\/player.bax.tv\/embed\/183518.html\" width=\"100%\"><\/iframe><\/p>\n","protected":false},"excerpt":{"rendered":"<p>Priqojinin yyeni videog&ouml;r&uuml;nt&uuml;l\u0259ri h\u0259r k\u0259si \u015foka sal\u0131b Ucnoqta.az x\u0259b\u0259r verir ki, &quot;Vaqner&quot; liderinin sosial \u015f\u0259b\u0259k\u0259d\u0259 g&ouml;r&uuml;nt&uuml;l\u0259ri yay\u0131l\u0131b. G&ouml;r&uuml;nt&uuml;l\u0259rin onun &ouml;l&uuml;m&uuml;nd\u0259n bir ne&ccedil;\u0259 g&uuml;n \u0259vv\u0259l &ccedil;\u0259kildiyi ehtimal edilir. &quot;M\u0259nim sa\u011f olub&hellip;<\/p>\n","protected":false},"author":1,"featured_media":251278,"comment_status":"open","ping_status":"open","sticky":false,"template":"","format":"standard","meta":{"_lmt_disableupdate":"","_lmt_disable":"","footnotes":""},"categories":[],"tags":[],"class_list":["post-184754","post","type-post","status-publish","format-standard","has-post-thumbnail","hentry"],"_links":{"self":[{"href":"https:\/\/ucnoqta.az\/index.php?rest_route=\/wp\/v2\/posts\/184754","targetHints":{"allow":["GET"]}}],"collection":[{"href":"https:\/\/ucnoqta.az\/index.php?rest_route=\/wp\/v2\/posts"}],"about":[{"href":"https:\/\/ucnoqta.az\/index.php?rest_route=\/wp\/v2\/types\/post"}],"author":[{"embeddable":true,"href":"https:\/\/ucnoqta.az\/index.php?rest_route=\/wp\/v2\/users\/1"}],"replies":[{"embeddable":true,"href":"https:\/\/ucnoqta.az\/index.php?rest_route=%2Fwp%2Fv2%2Fcomments&post=184754"}],"version-history":[{"count":0,"href":"https:\/\/ucnoqta.az\/index.php?rest_route=\/wp\/v2\/posts\/184754\/revisions"}],"wp:featuredmedia":[{"embeddable":true,"href":"https:\/\/ucnoqta.az\/index.php?rest_route=\/wp\/v2\/media\/251278"}],"wp:attachment":[{"href":"https:\/\/ucnoqta.az\/index.php?rest_route=%2Fwp%2Fv2%2Fmedia&parent=184754"}],"wp:term":[{"taxonomy":"category","embeddable":true,"href":"https:\/\/ucnoqta.az\/index.php?rest_route=%2Fwp%2Fv2%2Fcategories&post=184754"},{"taxonomy":"post_tag","embeddable":true,"href":"https:\/\/ucnoqta.az\/index.php?rest_route=%2Fwp%2Fv2%2Ftags&post=184754"}],"curies":[{"name":"wp","href":"https:\/\/api.w.org\/{rel}","templated":true}]}}