{"id":184741,"date":"2023-08-30T19:26:17","date_gmt":"2023-08-30T15:26:17","guid":{"rendered":""},"modified":"-0001-11-30T00:00:00","modified_gmt":"-0001-11-29T20:00:00","slug":"","status":"publish","type":"post","link":"https:\/\/ucnoqta.az\/?p=184741","title":{"rendered":"Az\u0259rbaycanda bir rus icmas\u0131 var &#8211;"},"content":{"rendered":"<p><strong>Az\u0259rbaycan h&ouml;kum\u0259ti Rusiya s&uuml;lhm\u0259raml\u0131lar\u0131n\u0131n m&uuml;v\u0259qq\u0259ti yerl\u0259\u015fdiyi Xank\u0259ndi \u015f\u0259h\u0259rind\u0259 ya\u015fayan erm\u0259ni\u0259silli v\u0259t\u0259nda\u015flar\u0131 il\u0259 dinc dialoqun apar\u0131lmas\u0131 &uuml;&ccedil;&uuml;n b&ouml;y&uuml;k s\u0259yl\u0259r g&ouml;st\u0259rdiyi halda, bir qrup separat&ccedil;\u0131 \u0259sass\u0131z b\u0259yanatlar v\u0259 d&uuml;nya ictimaiyy\u0259tin\u0259 yanl\u0131\u015f m\u0259lumatlar verm\u0259kl\u0259 buna mane olmaqda davam edir.<\/strong><\/p>\n<p>Ucnoqta.az x\u0259b\u0259r verir ki, bu bar\u0259d\u0259 Az\u0259rbaycan\u0131n Rus \u0130cmas\u0131 Respublika \u015euras\u0131n\u0131n Qaraba\u011f b&ouml;lg\u0259sinin &quot;saxta rus icmas\u0131&quot;n\u0131n siyasi kart oynamaq c\u0259hdin\u0259 m&uuml;nasib\u0259t bildirdiyi b\u0259yanatda bildirilir.<\/p>\n<p>S\u0259n\u0259dd\u0259 deyilir ki, &ouml;zl\u0259rini &ldquo;rus icmas\u0131&rdquo; kimi t\u0259qdim ed\u0259nl\u0259rin b\u0259yanatlar\u0131 Az\u0259rbaycan Konstitusiyas\u0131n\u0131n normalar\u0131na tamamil\u0259 ziddir: &quot;Az\u0259rbaycanda &ldquo;Da\u011fl\u0131q Qaraba\u011f&rdquo; adl\u0131 \u0259razi vahidi yoxdur. Az\u0259rbaycan Prezidenti \u0130lham \u018fliyevin s\u0259r\u0259ncam\u0131na \u0259sas\u0259n, &ouml;lk\u0259nin Qaraba\u011f v\u0259 \u015e\u0259rqi Z\u0259ng\u0259zur iqtisadi rayonlar\u0131 yarad\u0131l\u0131b. Bu, ancaq suveren Az\u0259rbaycan d&ouml;vl\u0259tinin \u0259razisind\u0259 m\u0259skunla\u015fan ayr\u0131ca separat&ccedil;\u0131lar qrupunun x\u0259yallar\u0131nda m&ouml;vcuddur&quot;.<\/p>\n<p>&ldquo;Qaraba\u011f iqtisadi rayonunun erm\u0259ni\u0259silli sakinl\u0259ri Az\u0259rbaycan Respublikas\u0131n\u0131n v\u0259t\u0259nda\u015flar\u0131d\u0131r v\u0259 &ouml;lk\u0259mizin r\u0259smi qanunlar\u0131na uy\u011fun ya\u015famal\u0131d\u0131rlar. Az\u0259rbaycanda 1993-c&uuml; ild\u0259 \u018fdliyy\u0259 Nazirliyi t\u0259r\u0259find\u0259n qeydiyyata al\u0131nm\u0131\u015f v\u0259 bu g&uuml;n bir rus icmas\u0131 var. Say\u0131 120 min n\u0259f\u0259rd\u0259n &ccedil;oxdur. T\u0259\u015fkilat\u0131m\u0131z b&uuml;t&uuml;n beyn\u0259lxalq strukturlar t\u0259r\u0259find\u0259n tan\u0131n\u0131r v\u0259 30 ildir f\u0259aliyy\u0259t g&ouml;st\u0259rir. \u018fg\u0259r Qaraba\u011f sakinl\u0259ri aras\u0131nda Az\u0259rbaycan\u0131n rus icmas\u0131na qo\u015fulmaq ist\u0259y\u0259n etnik ruslar varsa, o zaman t\u0259\u015fkilata &uuml;zv olmaq &uuml;&ccedil;&uuml;n biz\u0259 m&uuml;raci\u0259t etsinl\u0259r. Biz onlar\u0131n m&uuml;raci\u0259tl\u0259rin\u0259 cavab verm\u0259y\u0259 v\u0259 bunun &uuml;&ccedil;&uuml;n b&uuml;t&uuml;n laz\u0131mi m\u0259lumatlar\u0131 t\u0259qdim etm\u0259y\u0259 haz\u0131r\u0131q&rdquo;, &#8211; b\u0259yanatda qeyd olunur.<\/p>\n<p>&ldquo;Rus icmas\u0131&rdquo; &ouml;z b\u0259yanat\u0131nda Qaraba\u011fdan &ouml;z \u0259cdadlar\u0131n\u0131n tarixi torpa\u011f\u0131 kimi dan\u0131\u015f\u0131r. Qaraba\u011f h\u0259mi\u015f\u0259 Az\u0259rbaycan\u0131n bir par&ccedil;as\u0131 olub v\u0259 bel\u0259 d\u0259 qalacaq.<\/p>\n<p>&ldquo;&Ouml;lk\u0259mizin \u0259razi b&uuml;t&ouml;vl&uuml;y&uuml; b&uuml;t&uuml;n d&ouml;vl\u0259tl\u0259r, o c&uuml;ml\u0259d\u0259n Rusiya Federasiyas\u0131 v\u0259 h\u0259tta Erm\u0259nistan\u0131n &ouml;z&uuml; t\u0259r\u0259find\u0259n tan\u0131n\u0131r. \u018fcdadlar\u0131n\u0131n a\u011f\u0131r taleyini b\u0259yan ed\u0259n &quot;saxta-icma&quot; unudur ki, Erm\u0259nistan\u0131n Az\u0259rbaycana t\u0259cav&uuml;z&uuml;n\u0259 q\u0259d\u0259r b&uuml;t&uuml;n etnik qruplar\u0131n n&uuml;may\u0259nd\u0259l\u0259ri bir yerd\u0259 dinc v\u0259 mehriban ya\u015fay\u0131blar. Az\u0259rbaycanl\u0131lar, o c&uuml;ml\u0259d\u0259n milli azl\u0131qlar\u0131n n&uuml;may\u0259nd\u0259l\u0259ri &ouml;z do\u011fma yurdlar\u0131ndan zorla did\u0259rgin sal\u0131n\u0131blar. Erm\u0259nistan\u0131n &ouml;z&uuml;nd\u0259n d\u0259 milli azl\u0131qlar zorla qovulub. Bu g&uuml;n monoetnik d&ouml;vl\u0259tdir ki, burada erm\u0259nil\u0259rin &ouml;z&uuml;nd\u0259n ba\u015fqa he&ccedil; kim ya\u015fam\u0131r, Az\u0259rbaycanda is\u0259 onlarla etnik qruplar\u0131n n&uuml;may\u0259nd\u0259l\u0259ri ya\u015fay\u0131r&rdquo;, &#8211; m\u0259lumatda vur\u011fulan\u0131r.<\/p>\n<p>Sonda Az\u0259rbaycan\u0131n rus icmas\u0131 bu c&uuml;r b\u0259yanatlar\u0131 regionda sabitliyi pozmaq, d&uuml;nya ictimaiyy\u0259tin\u0259 yanl\u0131\u015f m\u0259lumat verm\u0259k v\u0259 Qaraba\u011f erm\u0259nil\u0259rinin &ccedil;oxmill\u0259tli, multikultural Az\u0259rbaycan c\u0259miyy\u0259tin\u0259 inteqrasiya prosesini l\u0259ngitm\u0259k c\u0259hdi hesab edir.<\/p>\n","protected":false},"excerpt":{"rendered":"<p>Az\u0259rbaycan h&ouml;kum\u0259ti Rusiya s&uuml;lhm\u0259raml\u0131lar\u0131n\u0131n m&uuml;v\u0259qq\u0259ti yerl\u0259\u015fdiyi Xank\u0259ndi \u015f\u0259h\u0259rind\u0259 ya\u015fayan erm\u0259ni\u0259silli v\u0259t\u0259nda\u015flar\u0131 il\u0259 dinc dialoqun apar\u0131lmas\u0131 &uuml;&ccedil;&uuml;n b&ouml;y&uuml;k s\u0259yl\u0259r g&ouml;st\u0259rdiyi halda, bir qrup separat&ccedil;\u0131 \u0259sass\u0131z b\u0259yanatlar v\u0259 d&uuml;nya ictimaiyy\u0259tin\u0259 yanl\u0131\u015f m\u0259lumatlar&hellip;<\/p>\n","protected":false},"author":1,"featured_media":251278,"comment_status":"open","ping_status":"open","sticky":false,"template":"","format":"standard","meta":{"_lmt_disableupdate":"","_lmt_disable":"","footnotes":""},"categories":[],"tags":[],"class_list":["post-184741","post","type-post","status-publish","format-standard","has-post-thumbnail","hentry"],"_links":{"self":[{"href":"https:\/\/ucnoqta.az\/index.php?rest_route=\/wp\/v2\/posts\/184741","targetHints":{"allow":["GET"]}}],"collection":[{"href":"https:\/\/ucnoqta.az\/index.php?rest_route=\/wp\/v2\/posts"}],"about":[{"href":"https:\/\/ucnoqta.az\/index.php?rest_route=\/wp\/v2\/types\/post"}],"author":[{"embeddable":true,"href":"https:\/\/ucnoqta.az\/index.php?rest_route=\/wp\/v2\/users\/1"}],"replies":[{"embeddable":true,"href":"https:\/\/ucnoqta.az\/index.php?rest_route=%2Fwp%2Fv2%2Fcomments&post=184741"}],"version-history":[{"count":0,"href":"https:\/\/ucnoqta.az\/index.php?rest_route=\/wp\/v2\/posts\/184741\/revisions"}],"wp:featuredmedia":[{"embeddable":true,"href":"https:\/\/ucnoqta.az\/index.php?rest_route=\/wp\/v2\/media\/251278"}],"wp:attachment":[{"href":"https:\/\/ucnoqta.az\/index.php?rest_route=%2Fwp%2Fv2%2Fmedia&parent=184741"}],"wp:term":[{"taxonomy":"category","embeddable":true,"href":"https:\/\/ucnoqta.az\/index.php?rest_route=%2Fwp%2Fv2%2Fcategories&post=184741"},{"taxonomy":"post_tag","embeddable":true,"href":"https:\/\/ucnoqta.az\/index.php?rest_route=%2Fwp%2Fv2%2Ftags&post=184741"}],"curies":[{"name":"wp","href":"https:\/\/api.w.org\/{rel}","templated":true}]}}