{"id":184736,"date":"2023-08-30T18:13:54","date_gmt":"2023-08-30T14:13:54","guid":{"rendered":""},"modified":"-0001-11-30T00:00:00","modified_gmt":"-0001-11-29T20:00:00","slug":"","status":"publish","type":"post","link":"https:\/\/ucnoqta.az\/?p=184736","title":{"rendered":"S\u0259lim M\u00fcsl\u00fcmovun m\u0259hk\u0259m\u0259si yenid\u0259n t\u0259xir\u0259 sal\u0131nd\u0131"},"content":{"rendered":"<p><strong>Sabiq \u0259m\u0259k v\u0259 \u0259halinin sosial m&uuml;dafi\u0259si naziri S\u0259lim M&uuml;sl&uuml;movun m\u0259hk\u0259m\u0259 prosesi n&ouml;vb\u0259ti d\u0259f\u0259 t\u0259xir\u0259 sal\u0131n\u0131b.<\/strong><\/p>\n<p>&nbsp;Bak\u0131 A\u011f\u0131r Cinay\u0259tl\u0259r M\u0259hk\u0259m\u0259sind\u0259 hakim Faiq Q\u0259niyevin s\u0259drliyi il\u0259 ke&ccedil;iril\u0259n prosesin hans\u0131 s\u0259b\u0259bd\u0259n t\u0259xir\u0259 sal\u0131nd\u0131\u011f\u0131 a&ccedil;\u0131qlanmay\u0131b.<\/p>\n<p>Proses qeyri-m&uuml;\u0259yy\u0259n m&uuml;dd\u0259t\u0259 kimi t\u0259xir\u0259 sal\u0131n\u0131b.<\/p>\n<p>Qeyd ed\u0259k ki, eks-nazirin cinay\u0259t i\u015fi &uuml;zr\u0259 m\u0259hk\u0259m\u0259 prosesi bundan \u0259vv\u0259l d\u0259f\u0259l\u0259rl\u0259 t\u0259xir\u0259 sal\u0131n\u0131b.<\/p>\n<p>Xat\u0131rladaq ki, S\u0259lim M&uuml;sl&uuml;mov 2021-ci ilin fevral\u0131nda D&ouml;vl\u0259t T\u0259hl&uuml;k\u0259sizliyi Xidm\u0259ti (DTX) t\u0259r\u0259find\u0259n saxlan\u0131l\u0131b. O, D&ouml;vl\u0259t Sosial M&uuml;dafi\u0259 Fondunun s\u0259dri (2002-2013) v\u0259 nazir (2013-2018) i\u015fl\u0259diyi d&ouml;vrl\u0259rd\u0259 27 milyon manatl\u0131q r&uuml;\u015fv\u0259talma, m\u0259nims\u0259m\u0259 v\u0259 israfetm\u0259 \u0259m\u0259ll\u0259rin\u0259 g&ouml;r\u0259 ittiham olunur. Sabiq nazir h\u0259min puldan 20 milyon manat\u0131n\u0131 istintaq d&ouml;vr&uuml;nd\u0259 &ouml;d\u0259yib. 8 milyon manatl\u0131q \u0259mlak\u0131 &uuml;z\u0259rin\u0259 is\u0259 h\u0259bs qoyulub.\/\/\/qafqazinfo<\/p>\n","protected":false},"excerpt":{"rendered":"<p>Sabiq \u0259m\u0259k v\u0259 \u0259halinin sosial m&uuml;dafi\u0259si naziri S\u0259lim M&uuml;sl&uuml;movun m\u0259hk\u0259m\u0259 prosesi n&ouml;vb\u0259ti d\u0259f\u0259 t\u0259xir\u0259 sal\u0131n\u0131b. &nbsp;Bak\u0131 A\u011f\u0131r Cinay\u0259tl\u0259r M\u0259hk\u0259m\u0259sind\u0259 hakim Faiq Q\u0259niyevin s\u0259drliyi il\u0259 ke&ccedil;iril\u0259n prosesin hans\u0131 s\u0259b\u0259bd\u0259n t\u0259xir\u0259 sal\u0131nd\u0131\u011f\u0131&hellip;<\/p>\n","protected":false},"author":1,"featured_media":251278,"comment_status":"open","ping_status":"open","sticky":false,"template":"","format":"standard","meta":{"_lmt_disableupdate":"","_lmt_disable":"","footnotes":""},"categories":[101],"tags":[],"class_list":["post-184736","post","type-post","status-publish","format-standard","has-post-thumbnail","hentry","category-cemiyyet"],"_links":{"self":[{"href":"https:\/\/ucnoqta.az\/index.php?rest_route=\/wp\/v2\/posts\/184736","targetHints":{"allow":["GET"]}}],"collection":[{"href":"https:\/\/ucnoqta.az\/index.php?rest_route=\/wp\/v2\/posts"}],"about":[{"href":"https:\/\/ucnoqta.az\/index.php?rest_route=\/wp\/v2\/types\/post"}],"author":[{"embeddable":true,"href":"https:\/\/ucnoqta.az\/index.php?rest_route=\/wp\/v2\/users\/1"}],"replies":[{"embeddable":true,"href":"https:\/\/ucnoqta.az\/index.php?rest_route=%2Fwp%2Fv2%2Fcomments&post=184736"}],"version-history":[{"count":0,"href":"https:\/\/ucnoqta.az\/index.php?rest_route=\/wp\/v2\/posts\/184736\/revisions"}],"wp:featuredmedia":[{"embeddable":true,"href":"https:\/\/ucnoqta.az\/index.php?rest_route=\/wp\/v2\/media\/251278"}],"wp:attachment":[{"href":"https:\/\/ucnoqta.az\/index.php?rest_route=%2Fwp%2Fv2%2Fmedia&parent=184736"}],"wp:term":[{"taxonomy":"category","embeddable":true,"href":"https:\/\/ucnoqta.az\/index.php?rest_route=%2Fwp%2Fv2%2Fcategories&post=184736"},{"taxonomy":"post_tag","embeddable":true,"href":"https:\/\/ucnoqta.az\/index.php?rest_route=%2Fwp%2Fv2%2Ftags&post=184736"}],"curies":[{"name":"wp","href":"https:\/\/api.w.org\/{rel}","templated":true}]}}