{"id":184733,"date":"2023-08-30T17:50:06","date_gmt":"2023-08-30T13:50:06","guid":{"rendered":""},"modified":"-0001-11-30T00:00:00","modified_gmt":"-0001-11-29T20:00:00","slug":"","status":"publish","type":"post","link":"https:\/\/ucnoqta.az\/?p=184733","title":{"rendered":"Az\u0259rbaycanda general i\u015fd\u0259n \u00e7\u0131xar\u0131l\u0131b, t\u0259qa\u00fcd\u0259 g\u00f6nd\u0259rilir"},"content":{"rendered":"<p><strong>\u018fdliyy\u0259 Nazirliyi Penitensiar Xidm\u0259tinin r\u0259is m&uuml;avini, \u0259dliyy\u0259 general-mayoru M\u0259h\u0259rr\u0259m Qafarov t\u0259qa&uuml;d\u0259 g&ouml;nd\u0259ril\u0259c\u0259k.<\/strong><\/p>\n<p>Qaynarinfo-nun etibarl\u0131 m\u0259nb\u0259d\u0259n \u0259ld\u0259 etdiyi m\u0259lumata g&ouml;r\u0259, \u0259dliyy\u0259 sah\u0259sind\u0259 apar\u0131lan islahatlar &ccedil;\u0259r&ccedil;iv\u0259sind\u0259 M\u0259h\u0259rr\u0259m Qafarov yax\u0131n vaxtlarda v\u0259zif\u0259sind\u0259n azad olunacaq.&nbsp;<\/p>\n<p>Qeyd ed\u0259k ki, Qafarov M\u0259h\u0259rr\u0259m Allahverdi o\u011flu 19.09.1959-cu il tarixd\u0259 G\u0259d\u0259b\u0259y rayonunda anadan olub. 1985-2016 ill\u0259rd\u0259 daxili i\u015fl\u0259r orqanlar\u0131nda m&uuml;xt\u0259lif m\u0259sul v\u0259 r\u0259hb\u0259r v\u0259zif\u0259l\u0259rd\u0259 &ccedil;al\u0131\u015f\u0131b. 11.10.2016-c\u0131 il tarixd\u0259 \u0259dliyy\u0259 nazirinin \u0259mri il\u0259 Penitensiar Xidm\u0259tin r\u0259is m&uuml;avini v\u0259zif\u0259sin\u0259 t\u0259yin edilib.&nbsp;<\/p>\n<p>Xat\u0131rladaq ki, 10.07.2023-c&uuml; il tarixind\u0259 Ceyhun \u018fkb\u0259r o\u011flu H\u0259s\u0259nov Az\u0259rbaycan Respublikas\u0131 \u0259dliyy\u0259 nazirinin m&uuml;avini &#8211; Penitensiar Xidm\u0259tin r\u0259isi v\u0259zif\u0259sind\u0259n azad edilib. Onun yeruin\u0259 47 ya\u015fl\u0131 \u0259dliyy\u0259 polkovniki Mirsaleh Seyidov t\u0259yin olunub.<\/p>\n","protected":false},"excerpt":{"rendered":"<p>\u018fdliyy\u0259 Nazirliyi Penitensiar Xidm\u0259tinin r\u0259is m&uuml;avini, \u0259dliyy\u0259 general-mayoru M\u0259h\u0259rr\u0259m Qafarov t\u0259qa&uuml;d\u0259 g&ouml;nd\u0259ril\u0259c\u0259k. Qaynarinfo-nun etibarl\u0131 m\u0259nb\u0259d\u0259n \u0259ld\u0259 etdiyi m\u0259lumata g&ouml;r\u0259, \u0259dliyy\u0259 sah\u0259sind\u0259 apar\u0131lan islahatlar &ccedil;\u0259r&ccedil;iv\u0259sind\u0259 M\u0259h\u0259rr\u0259m Qafarov yax\u0131n vaxtlarda v\u0259zif\u0259sind\u0259n azad&hellip;<\/p>\n","protected":false},"author":1,"featured_media":251278,"comment_status":"open","ping_status":"open","sticky":false,"template":"","format":"standard","meta":{"_lmt_disableupdate":"","_lmt_disable":"","footnotes":""},"categories":[],"tags":[],"class_list":["post-184733","post","type-post","status-publish","format-standard","has-post-thumbnail","hentry"],"_links":{"self":[{"href":"https:\/\/ucnoqta.az\/index.php?rest_route=\/wp\/v2\/posts\/184733","targetHints":{"allow":["GET"]}}],"collection":[{"href":"https:\/\/ucnoqta.az\/index.php?rest_route=\/wp\/v2\/posts"}],"about":[{"href":"https:\/\/ucnoqta.az\/index.php?rest_route=\/wp\/v2\/types\/post"}],"author":[{"embeddable":true,"href":"https:\/\/ucnoqta.az\/index.php?rest_route=\/wp\/v2\/users\/1"}],"replies":[{"embeddable":true,"href":"https:\/\/ucnoqta.az\/index.php?rest_route=%2Fwp%2Fv2%2Fcomments&post=184733"}],"version-history":[{"count":0,"href":"https:\/\/ucnoqta.az\/index.php?rest_route=\/wp\/v2\/posts\/184733\/revisions"}],"wp:featuredmedia":[{"embeddable":true,"href":"https:\/\/ucnoqta.az\/index.php?rest_route=\/wp\/v2\/media\/251278"}],"wp:attachment":[{"href":"https:\/\/ucnoqta.az\/index.php?rest_route=%2Fwp%2Fv2%2Fmedia&parent=184733"}],"wp:term":[{"taxonomy":"category","embeddable":true,"href":"https:\/\/ucnoqta.az\/index.php?rest_route=%2Fwp%2Fv2%2Fcategories&post=184733"},{"taxonomy":"post_tag","embeddable":true,"href":"https:\/\/ucnoqta.az\/index.php?rest_route=%2Fwp%2Fv2%2Ftags&post=184733"}],"curies":[{"name":"wp","href":"https:\/\/api.w.org\/{rel}","templated":true}]}}