{"id":184731,"date":"2023-08-30T17:37:39","date_gmt":"2023-08-30T13:37:39","guid":{"rendered":""},"modified":"-0001-11-30T00:00:00","modified_gmt":"-0001-11-29T20:00:00","slug":"","status":"publish","type":"post","link":"https:\/\/ucnoqta.az\/?p=184731","title":{"rendered":"M\u0259kt\u0259bli formalar\u0131 il\u0259 ba\u011fl\u0131 x\u0259b\u0259rdarl\u0131q"},"content":{"rendered":"<p><strong>Nazirl\u0259r Kabinetinin q\u0259rar\u0131na \u0259sas\u0259n, 2023-24-c&uuml; t\u0259dris ilind\u0259 &ouml;lk\u0259nin &uuml;mumi t\u0259hsil m&uuml;\u0259ssis\u0259l\u0259ri &uuml;zr\u0259 vahid m\u0259kt\u0259bli geyimi t\u0259tbiq edil\u0259c\u0259k.<\/strong><\/p>\n<p>Ucnoqta.az-\u0131n &ldquo;Qafqazinfo&rdquo;ya istinad\u0259n m\u0259lumat\u0131na g&ouml;r\u0259, yeni t\u0259dris ilinin ba\u015flanmas\u0131na say\u0131l\u0131 g&uuml;nl\u0259r qalark\u0259n Bak\u0131 \u015e\u0259h\u0259ri &uuml;zr\u0259 T\u0259hsil \u0130dar\u0259si t\u0259r\u0259find\u0259n vahid formalarla ba\u011fl\u0131 x\u0259b\u0259rdarl\u0131q edilib.<\/p>\n<p>S&ouml;z&uuml;ged\u0259n x\u0259b\u0259rdarl\u0131q m\u0259kt\u0259b direktorlar\u0131na &uuml;nvanlan\u0131b, m&uuml;vafiq olaraq sinif r\u0259hb\u0259rl\u0259rin\u0259 y&ouml;nl\u0259ndirilib, eyni zamanda, m\u0259kt\u0259bl\u0259rin sosial \u015f\u0259b\u0259k\u0259 hesablar\u0131nda payla\u015f\u0131l\u0131b.<\/p>\n<p>Vahid m\u0259kt\u0259bli geyimi il\u0259 ba\u011fl\u0131 x\u0259b\u0259rdarl\u0131qda a\u015fa\u011f\u0131dak\u0131 n&uuml;anslar \u0259ksini tap\u0131b:<\/p>\n<p>&#8211; Nazirl\u0259r Kabinetinin 17.03.2022-ci il tarixli 96 n&ouml;mr\u0259li q\u0259rar\u0131na \u0259sas\u0259n, &ouml;lk\u0259nin &uuml;mumi t\u0259hsil m&uuml;\u0259ssis\u0259l\u0259rind\u0259 vahid m\u0259kt\u0259bli geyimi t\u0259tbiq edilir.<\/p>\n<p>&#8211; Nazirl\u0259r Kabinetinin m&uuml;vafiq q\u0259rar\u0131nda g&ouml;st\u0259ril\u0259n d&ouml;rd n&uuml;mun\u0259 geyim formas\u0131 tekstil \u015firk\u0259tl\u0259ri t\u0259r\u0259find\u0259n haz\u0131rlan\u0131r v\u0259 sat\u0131\u015f\u0131 onlar t\u0259r\u0259find\u0259n t\u0259min edilir.<\/p>\n<p>&#8211; &Ouml;t\u0259n t\u0259dris ilind\u0259 h\u0259r bir &uuml;mumi t\u0259hsil m&uuml;\u0259ssis\u0259sinin Pedaqoji \u015euras\u0131 valideynl\u0259rin d\u0259 r\u0259yini n\u0259z\u0259r\u0259 alaraq d&ouml;rd n&uuml;mun\u0259d\u0259 geyim formas\u0131ndan birini se&ccedil;ib v\u0259 bununla ba\u011fl\u0131 m&uuml;vafiq q\u0259rar q\u0259bul edib.<\/p>\n<p>&#8211; Valideynl\u0259r &ouml;vladlar\u0131n\u0131n t\u0259hsil ald\u0131\u011f\u0131 m\u0259kt\u0259b vasit\u0259sil\u0259 m\u0259kt\u0259bli geyimi bar\u0259d\u0259 \u0259trafl\u0131 m\u0259lumatland\u0131r\u0131l\u0131blar.<\/p>\n<p>&#8211; M\u0259kt\u0259bli formalar\u0131n\u0131 \u0259ld\u0259 etm\u0259k &uuml;&ccedil;&uuml;n m&uuml;\u0259yy\u0259n olunmu\u015f m\u0259nt\u0259q\u0259l\u0259r bar\u0259d\u0259 ictimaiyy\u0259t\u0259 geni\u015f informasiya verilib, sat\u0131\u015f m\u0259nt\u0259q\u0259l\u0259rinin &uuml;nvanlar\u0131 qeyd edilib.<\/p>\n<p>&#8211; Paytaxt \u0259razisind\u0259 m\u0259kt\u0259bli formalar\u0131n\u0131 \u0259ld\u0259 etm\u0259k &uuml;&ccedil;&uuml;n 34 m\u0259nt\u0259q\u0259 m&ouml;vcuddur.<\/p>\n<p>&#8211; Valideynl\u0259r &ouml;zl\u0259rin\u0259 yax\u0131n olan v\u0259 ya &ouml;zl\u0259rinin m\u0259sl\u0259h\u0259t bildikl\u0259ri m\u0259nt\u0259q\u0259d\u0259n &ouml;vladlar\u0131 &uuml;&ccedil;&uuml;n m&uuml;vafiq geyimi \u0259ld\u0259 ed\u0259 bil\u0259rl\u0259r.<\/p>\n<p>&#8211; Valideynl\u0259r &ouml;z ist\u0259kl\u0259rin\u0259 uy\u011fun olaraq m\u0259kt\u0259bli geyimini sifari\u015fl\u0259 tikdir\u0259 d\u0259 bil\u0259rl\u0259r.<\/p>\n<p>&#8211; H\u0259r bir &uuml;mumi t\u0259hsil m&uuml;\u0259ssis\u0259sinin Pedaqoji \u015euras\u0131 t\u0259r\u0259find\u0259n se&ccedil;il\u0259n m&uuml;vafiq geyim formas\u0131 \u0259n az\u0131 &uuml;&ccedil; t\u0259dris ili d\u0259yi\u015film\u0259z qalacaq.<\/p>\n<p>&#8211; Eyni g&ouml;r&uuml;n&uuml;\u015f\u0259 malik m\u0259kt\u0259bli formas\u0131 \u015fagirdl\u0259r aras\u0131nda b\u0259rab\u0259rliyi t\u0259\u015fviq edir.<\/p>\n<p>&#8211; Vahid geyim formas\u0131 \u015fagirdl\u0259r\u0259 m\u0259suliyy\u0259t hissi a\u015f\u0131lay\u0131r v\u0259 m\u0259kt\u0259bin &ouml;z&uuml;n\u0259m\u0259xsus t\u0259hsil m&uuml;hitinin formala\u015fmas\u0131nda m&uuml;h&uuml;m amill\u0259rd\u0259ndir.<\/p>\n","protected":false},"excerpt":{"rendered":"<p>Nazirl\u0259r Kabinetinin q\u0259rar\u0131na \u0259sas\u0259n, 2023-24-c&uuml; t\u0259dris ilind\u0259 &ouml;lk\u0259nin &uuml;mumi t\u0259hsil m&uuml;\u0259ssis\u0259l\u0259ri &uuml;zr\u0259 vahid m\u0259kt\u0259bli geyimi t\u0259tbiq edil\u0259c\u0259k. Ucnoqta.az-\u0131n &ldquo;Qafqazinfo&rdquo;ya istinad\u0259n m\u0259lumat\u0131na g&ouml;r\u0259, yeni t\u0259dris ilinin ba\u015flanmas\u0131na say\u0131l\u0131 g&uuml;nl\u0259r qalark\u0259n Bak\u0131&hellip;<\/p>\n","protected":false},"author":1,"featured_media":251278,"comment_status":"open","ping_status":"open","sticky":false,"template":"","format":"standard","meta":{"_lmt_disableupdate":"","_lmt_disable":"","footnotes":""},"categories":[101],"tags":[],"class_list":["post-184731","post","type-post","status-publish","format-standard","has-post-thumbnail","hentry","category-cemiyyet"],"_links":{"self":[{"href":"https:\/\/ucnoqta.az\/index.php?rest_route=\/wp\/v2\/posts\/184731","targetHints":{"allow":["GET"]}}],"collection":[{"href":"https:\/\/ucnoqta.az\/index.php?rest_route=\/wp\/v2\/posts"}],"about":[{"href":"https:\/\/ucnoqta.az\/index.php?rest_route=\/wp\/v2\/types\/post"}],"author":[{"embeddable":true,"href":"https:\/\/ucnoqta.az\/index.php?rest_route=\/wp\/v2\/users\/1"}],"replies":[{"embeddable":true,"href":"https:\/\/ucnoqta.az\/index.php?rest_route=%2Fwp%2Fv2%2Fcomments&post=184731"}],"version-history":[{"count":0,"href":"https:\/\/ucnoqta.az\/index.php?rest_route=\/wp\/v2\/posts\/184731\/revisions"}],"wp:featuredmedia":[{"embeddable":true,"href":"https:\/\/ucnoqta.az\/index.php?rest_route=\/wp\/v2\/media\/251278"}],"wp:attachment":[{"href":"https:\/\/ucnoqta.az\/index.php?rest_route=%2Fwp%2Fv2%2Fmedia&parent=184731"}],"wp:term":[{"taxonomy":"category","embeddable":true,"href":"https:\/\/ucnoqta.az\/index.php?rest_route=%2Fwp%2Fv2%2Fcategories&post=184731"},{"taxonomy":"post_tag","embeddable":true,"href":"https:\/\/ucnoqta.az\/index.php?rest_route=%2Fwp%2Fv2%2Ftags&post=184731"}],"curies":[{"name":"wp","href":"https:\/\/api.w.org\/{rel}","templated":true}]}}