{"id":184728,"date":"2023-08-30T16:53:48","date_gmt":"2023-08-30T12:53:48","guid":{"rendered":""},"modified":"-0001-11-30T00:00:00","modified_gmt":"-0001-11-29T20:00:00","slug":"","status":"publish","type":"post","link":"https:\/\/ucnoqta.az\/?p=184728","title":{"rendered":"Almaniyadan 14 Az\u0259rbaycan v\u0259t\u0259nda\u015f\u0131 geri q\u0259bul edilib"},"content":{"rendered":"<p><strong>&ldquo;Az\u0259rbaycan Respublikas\u0131 il\u0259 Avropa \u0130ttifaq\u0131 aras\u0131nda icaz\u0259siz ya\u015fayan \u015f\u0259xsl\u0259rin readmissiyas\u0131 haqq\u0131nda&rdquo; Sazi\u015f &ccedil;\u0259r&ccedil;iv\u0259sind\u0259 29 avqust tarixind\u0259 14 n\u0259f\u0259r Az\u0259rbaycan Respublikas\u0131 v\u0259t\u0259nda\u015f\u0131 Almaniya Federativ Respublikas\u0131ndan &ouml;lk\u0259y\u0259 geri q\u0259bul edilib.<\/strong><\/p>\n<p>Bu bar\u0259d\u0259 D&ouml;vl\u0259t Miqrasiya Xidm\u0259tind\u0259n x\u0259b\u0259r verilib.<\/p>\n<p>Geri q\u0259bul prosesi Nazirl\u0259r Kabineti yan\u0131nda Operativ Q\u0259rargah\u0131n m&uuml;\u0259yy\u0259n etdiyi qaydalar &ccedil;\u0259r&ccedil;iv\u0259sind\u0259 h\u0259yata ke&ccedil;irilib.<\/p>\n<p>Qeyd edilib ki, f\u0259aliyy\u0259ti D&ouml;vl\u0259t Miqrasiya Xidm\u0259ti t\u0259r\u0259find\u0259n \u0259laq\u0259l\u0259ndiril\u0259n Reinteqrasiya &uuml;zr\u0259 \u0130\u015f&ccedil;i Qrupu readmissiya olunan Az\u0259rbaycan Respublikas\u0131 v\u0259t\u0259nda\u015flar\u0131n\u0131n yerli c\u0259miyy\u0259t\u0259 reinteqrasiyas\u0131 v\u0259 &uuml;zl\u0259\u015f\u0259 bil\u0259c\u0259kl\u0259ri m&uuml;mk&uuml;n &ccedil;\u0259tinlikl\u0259rin h\u0259lli istiqam\u0259tind\u0259 m&uuml;vafiq t\u0259dbirl\u0259r h\u0259yata ke&ccedil;irir.<\/p>\n","protected":false},"excerpt":{"rendered":"<p>&ldquo;Az\u0259rbaycan Respublikas\u0131 il\u0259 Avropa \u0130ttifaq\u0131 aras\u0131nda icaz\u0259siz ya\u015fayan \u015f\u0259xsl\u0259rin readmissiyas\u0131 haqq\u0131nda&rdquo; Sazi\u015f &ccedil;\u0259r&ccedil;iv\u0259sind\u0259 29 avqust tarixind\u0259 14 n\u0259f\u0259r Az\u0259rbaycan Respublikas\u0131 v\u0259t\u0259nda\u015f\u0131 Almaniya Federativ Respublikas\u0131ndan &ouml;lk\u0259y\u0259 geri q\u0259bul edilib. Bu bar\u0259d\u0259&hellip;<\/p>\n","protected":false},"author":1,"featured_media":251278,"comment_status":"open","ping_status":"open","sticky":false,"template":"","format":"standard","meta":{"_lmt_disableupdate":"","_lmt_disable":"","footnotes":""},"categories":[],"tags":[],"class_list":["post-184728","post","type-post","status-publish","format-standard","has-post-thumbnail","hentry"],"_links":{"self":[{"href":"https:\/\/ucnoqta.az\/index.php?rest_route=\/wp\/v2\/posts\/184728","targetHints":{"allow":["GET"]}}],"collection":[{"href":"https:\/\/ucnoqta.az\/index.php?rest_route=\/wp\/v2\/posts"}],"about":[{"href":"https:\/\/ucnoqta.az\/index.php?rest_route=\/wp\/v2\/types\/post"}],"author":[{"embeddable":true,"href":"https:\/\/ucnoqta.az\/index.php?rest_route=\/wp\/v2\/users\/1"}],"replies":[{"embeddable":true,"href":"https:\/\/ucnoqta.az\/index.php?rest_route=%2Fwp%2Fv2%2Fcomments&post=184728"}],"version-history":[{"count":0,"href":"https:\/\/ucnoqta.az\/index.php?rest_route=\/wp\/v2\/posts\/184728\/revisions"}],"wp:featuredmedia":[{"embeddable":true,"href":"https:\/\/ucnoqta.az\/index.php?rest_route=\/wp\/v2\/media\/251278"}],"wp:attachment":[{"href":"https:\/\/ucnoqta.az\/index.php?rest_route=%2Fwp%2Fv2%2Fmedia&parent=184728"}],"wp:term":[{"taxonomy":"category","embeddable":true,"href":"https:\/\/ucnoqta.az\/index.php?rest_route=%2Fwp%2Fv2%2Fcategories&post=184728"},{"taxonomy":"post_tag","embeddable":true,"href":"https:\/\/ucnoqta.az\/index.php?rest_route=%2Fwp%2Fv2%2Ftags&post=184728"}],"curies":[{"name":"wp","href":"https:\/\/api.w.org\/{rel}","templated":true}]}}