{"id":184727,"date":"2023-08-30T16:44:52","date_gmt":"2023-08-30T12:44:52","guid":{"rendered":""},"modified":"-0001-11-30T00:00:00","modified_gmt":"-0001-11-29T20:00:00","slug":"","status":"publish","type":"post","link":"https:\/\/ucnoqta.az\/?p=184727","title":{"rendered":"&#8220;V\u0259t\u0259n M\u00fcharib\u0259si Q\u0259hr\u0259man\u0131&#8221; \u015f\u0259hidinin do\u011fum g\u00fcn\u00fcd\u00fcr"},"content":{"rendered":"<p><strong>Bu g&uuml;n &quot;V\u0259t\u0259n M&uuml;harib\u0259si Q\u0259hr\u0259man\u0131&quot; \u015f\u0259hidi Nihad Babayevin do\u011fum g&uuml;n&uuml;d&uuml;r<\/strong><\/p>\n<p>Ucnoqta.az x\u0259b\u0259r verir ki, Nihad Babayev 1991-ci il avqustun 30-da Bil\u0259suvar rayonunun G&uuml;n\u0259\u015fli k\u0259ndind\u0259 do\u011fulub.<\/p>\n<p>O, 2009-cu ild\u0259 C\u0259m\u015fid Nax&ccedil;\u0131vanski ad\u0131na h\u0259rbi liseyi, 2013-c&uuml; ild\u0259 is\u0259 Heyd\u0259r \u018fliyev ad\u0131na Ali H\u0259rbi Akademiyan\u0131 u\u011furla ba\u015fa vurub.<\/p>\n<p>Nihad Babayev Nax&ccedil;\u0131van Muxtar Respublikas\u0131nda x&uuml;susi t\u0259yinatl\u0131 qrupda xidm\u0259t edib.<\/p>\n<p>V\u0259t\u0259n M&uuml;harib\u0259si ba\u015flayanda&nbsp;h\u0259rbi komandanl\u0131\u011fa m&uuml;raci\u0259t ed\u0259r\u0259k torpaqlar\u0131m\u0131z\u0131n azadl\u0131\u011f\u0131 u\u011frunda d&ouml;y&uuml;\u015fl\u0259r\u0259 qat\u0131lmas\u0131 &uuml;&ccedil;&uuml;n xahi\u015f edib. Kapitan Babayev F&uuml;zuli, C\u0259bray\u0131l, Qubadl\u0131 v\u0259 Z\u0259ngilan u\u011frunda d&ouml;y&uuml;\u015fl\u0259rd\u0259 q\u0259hr\u0259mancas\u0131na vuru\u015fub.<\/p>\n<p>Oktybar\u0131n 29-d\u0259 F&uuml;zuli rayonun Yuxar\u0131 Veys\u0259lli k\u0259ndin\u0259 yax\u0131n Uryanda\u011f y&uuml;ks\u0259kliyi u\u011frunda \u015fidd\u0259tli d&ouml;y&uuml;\u015fl\u0259rd\u0259&nbsp;\u015f\u0259hid olub.<\/p>\n<p>Az\u0259rbaycan Prezidenti \u0130lham \u018fliyevin s\u0259r\u0259ncamlar\u0131 il\u0259 Nihad Babayev &quot;V\u0259t\u0259n M&uuml;harib\u0259si Q\u0259hr\u0259man\u0131&quot;, &quot;V\u0259t\u0259n u\u011frunda&quot;, &nbsp;&quot;Xocav\u0259ndin azad olunmas\u0131na g&ouml;r\u0259&quot; v\u0259 &quot;F&uuml;zulinin azad olunmas\u0131na g&ouml;r\u0259&quot; medallar\u0131 il\u0259 t\u0259ltif olunub.<\/p>\n","protected":false},"excerpt":{"rendered":"<p>Bu g&uuml;n &quot;V\u0259t\u0259n M&uuml;harib\u0259si Q\u0259hr\u0259man\u0131&quot; \u015f\u0259hidi Nihad Babayevin do\u011fum g&uuml;n&uuml;d&uuml;r Ucnoqta.az x\u0259b\u0259r verir ki, Nihad Babayev 1991-ci il avqustun 30-da Bil\u0259suvar rayonunun G&uuml;n\u0259\u015fli k\u0259ndind\u0259 do\u011fulub. O, 2009-cu ild\u0259 C\u0259m\u015fid Nax&ccedil;\u0131vanski&hellip;<\/p>\n","protected":false},"author":1,"featured_media":251278,"comment_status":"open","ping_status":"open","sticky":false,"template":"","format":"standard","meta":{"_lmt_disableupdate":"","_lmt_disable":"","footnotes":""},"categories":[91],"tags":[],"class_list":["post-184727","post","type-post","status-publish","format-standard","has-post-thumbnail","hentry","category-olkeici"],"_links":{"self":[{"href":"https:\/\/ucnoqta.az\/index.php?rest_route=\/wp\/v2\/posts\/184727","targetHints":{"allow":["GET"]}}],"collection":[{"href":"https:\/\/ucnoqta.az\/index.php?rest_route=\/wp\/v2\/posts"}],"about":[{"href":"https:\/\/ucnoqta.az\/index.php?rest_route=\/wp\/v2\/types\/post"}],"author":[{"embeddable":true,"href":"https:\/\/ucnoqta.az\/index.php?rest_route=\/wp\/v2\/users\/1"}],"replies":[{"embeddable":true,"href":"https:\/\/ucnoqta.az\/index.php?rest_route=%2Fwp%2Fv2%2Fcomments&post=184727"}],"version-history":[{"count":0,"href":"https:\/\/ucnoqta.az\/index.php?rest_route=\/wp\/v2\/posts\/184727\/revisions"}],"wp:featuredmedia":[{"embeddable":true,"href":"https:\/\/ucnoqta.az\/index.php?rest_route=\/wp\/v2\/media\/251278"}],"wp:attachment":[{"href":"https:\/\/ucnoqta.az\/index.php?rest_route=%2Fwp%2Fv2%2Fmedia&parent=184727"}],"wp:term":[{"taxonomy":"category","embeddable":true,"href":"https:\/\/ucnoqta.az\/index.php?rest_route=%2Fwp%2Fv2%2Fcategories&post=184727"},{"taxonomy":"post_tag","embeddable":true,"href":"https:\/\/ucnoqta.az\/index.php?rest_route=%2Fwp%2Fv2%2Ftags&post=184727"}],"curies":[{"name":"wp","href":"https:\/\/api.w.org\/{rel}","templated":true}]}}