{"id":184722,"date":"2023-08-30T15:51:30","date_gmt":"2023-08-30T11:51:30","guid":{"rendered":""},"modified":"-0001-11-30T00:00:00","modified_gmt":"-0001-11-29T20:00:00","slug":"","status":"publish","type":"post","link":"https:\/\/ucnoqta.az\/?p=184722","title":{"rendered":"Separat\u00e7\u0131lar\u0131 az\u011f\u0131nla\u015fd\u0131ran frans\u0131z h\u0259yas\u0131zl\u0131\u011f\u0131"},"content":{"rendered":"<p><strong>Amma bu d\u0259f\u0259 ya\u011fl\u0131 \u015fapala\u011f\u0131n arxas\u0131nda m&ouml;hk\u0259m bir t\u0259pik d\u0259 d\u0259y\u0259c\u0259k ki, daha bir d\u0259&nbsp;yerinizd\u0259n qalxa bilm\u0259y\u0259siniz<\/strong><\/p>\n<p>Avqustun 16-da Erm\u0259nistan\u0131n v\u0259 Qaraba\u011f\u0131n separat&ccedil;\u0131lar\u0131n\u0131n BMT-nin T\u0259hl&uuml;lk\u0259sizlik \u015euras\u0131ndan ald\u0131qlar\u0131 r&uuml;svay&ccedil;\u0131 z\u0259rb\u0259d\u0259n sonra La&ccedil;\u0131n yolu \u0259traf\u0131ndak\u0131 &ldquo;humanitar&rdquo; \u015fousuna son qoyulaca\u011f\u0131n\u0131 t\u0259xmin etmi\u015fdik. Lakin bu d\u0259f\u0259 d\u0259 erm\u0259nil\u0259rl\u0259 ba\u011fl\u0131 g&uuml;man\u0131mda yan\u0131ld\u0131m. Erm\u0259ni erm\u0259niliyind\u0259n \u0259l &ccedil;\u0259km\u0259k ist\u0259mir. Onlar\u0131n d&uuml;z&uuml;b-qo\u015fdu\u011fu tama\u015faya bac\u0131lar\u0131 frans\u0131zlardan d\u0259st\u0259k g\u0259ldi. Bel\u0259 ki, Fransa Qaraba\u011f erm\u0259nil\u0259rin\u0259 humanitar yard\u0131m g&ouml;nd\u0259rm\u0259k q\u0259rar\u0131 verib. Q\u0259rar\u0131n ard\u0131nca 10 y&uuml;k avtomobili \u0130r\u0259vandan S&uuml;nik vilay\u0259tinin Kornidzor k\u0259ndin\u0259 g&ouml;nd\u0259rilib. H\u0259tta Erm\u0259nistan medias\u0131, h\u0259m&ccedil;inin, avtomobill\u0259rin \u0130r\u0259vanda Respublika Meydan\u0131ndan yola d&uuml;\u015fm\u0259sinin g&ouml;r&uuml;nt&uuml;l\u0259rini d\u0259 yay\u0131blar. Bildirilir ki, humanitar y&uuml;kl\u0259 birg\u0259 Parisin v\u0259 Strasburqun merl\u0259rinin i&ccedil;\u0259risind\u0259 oldu\u011fu fransal\u0131 n&uuml;may\u0259nd\u0259 hey\u0259ti d\u0259 La&ccedil;\u0131n yoluna gedib.<\/p>\n<p>Bu add\u0131m Fransa prezidenti Emmanuel Makronun bir g&uuml;n &ouml;nc\u0259 Erm\u0259nistan ba\u015f naziri Pa\u015finyan v\u0259 Az\u0259rbaycan d&ouml;vl\u0259t ba\u015f&ccedil;\u0131s\u0131 c\u0259nab \u0130lham \u018fliyevl\u0259 dan\u0131\u015f\u0131qdan sonra at\u0131ld\u0131\u011f\u0131 &uuml;&ccedil;&uuml;n, h\u0259m erm\u0259nil\u0259r, h\u0259m d\u0259 Qaraba\u011f seperat&ccedil;\u0131lar\u0131 sevinirl\u0259r ki, &ldquo;frans\u0131z yard\u0131m\u0131&rdquo; La&ccedil;\u0131n ke&ccedil;id-n\u0259zar\u0259t m\u0259nt\u0259q\u0259sind\u0259n mane\u0259siz ke&ccedil;ib onlara &ccedil;atd\u0131r\u0131lacaq. Ay siz &ouml;l\u0259siniz el\u0259, &ccedil;ox g&ouml;zl\u0259rsiniz!<\/p>\n<p>C\u0259nab \u0130lham \u018fliyevin &ldquo;La&ccedil;\u0131n \u015f\u0259h\u0259r g&uuml;n&uuml;&rdquo;nd\u0259 etdiyi &ccedil;\u0131x\u0131\u015f\u0131 bir daha dinl\u0259yin. Ax\u0131, t\u0259krar dinl\u0259m\u0259kd\u0259 bir xeyr var. Orada siz\u0259 a&ccedil;\u0131q x\u0259b\u0259rdarl\u0131q etm\u0259di ki, bizi irad\u0259mizin \u0259ksin\u0259 n\u0259s\u0259 etm\u0259y\u0259 he&ccedil; kim m\u0259cbur ed\u0259 bilm\u0259z v\u0259 bunu erm\u0259ni v\u0259t\u0259nda\u015flar\u0131 n\u0259 q\u0259d\u0259r tez anlasa yax\u015f\u0131 olar. Yoxsa, zaman ziyan\u0131n\u0131za i\u015fl\u0259yir. Bizim d\u0259 s\u0259brimizin bir h\u0259ddi var. D\u0259mir Yumruq he&ccedil; yer\u0259 getm\u0259yib, yerind\u0259dir. Unutmay\u0131n, \u0259razi b&uuml;t&ouml;vl&uuml;y&uuml;m&uuml;z&uuml; t\u0259hdid ed\u0259n h\u0259r bir t\u0259xribat&ccedil;\u0131 h\u0259r\u0259k\u0259tiniz cavabs\u0131z qalmayacaq. Amma bu d\u0259f\u0259 ya\u011fl\u0131 \u015fapala\u011f\u0131n arxas\u0131nda, m&ouml;hk\u0259m bir t\u0259pik d\u0259 d\u0259y\u0259c\u0259k ki, daha bir d\u0259 yerinizd\u0259 qalxa bilm\u0259y\u0259siniz.<br \/>\nB\u0259z\u0259n daha &ccedil;ox d&uuml;\u015f&uuml;k, yersiz h\u0259r\u0259k\u0259tl\u0259ri il\u0259 g&uuml;nd\u0259m olan Emmanuel Makron kimi prezidentl\u0259ri g&ouml;r&uuml;b, d&uuml;\u015f&uuml;n&uuml;r\u0259m ki, ilahi, d&uuml;nyan\u0131 nec\u0259 r\u0259zil adamlar idar\u0259 edir.<br \/>\nD&uuml;nya tarixind\u0259 m&uuml;st\u0259mk\u0259&ccedil;ilik siyas\u0259ti, azsayl\u0131 mill\u0259tl\u0259r\u0259 v\u0259 xalqlara qar\u015f\u0131 etdikl\u0259ri soyq\u0131r\u0131m, \u0259xlaqs\u0131z davran\u0131\u015flar\u0131 il\u0259 ad &ccedil;\u0131xaran bir &ouml;lk\u0259nin ba\u015f diplomat\u0131 Az\u0259rbaycan\u0131n Qaraba\u011f erm\u0259nil\u0259rini guya blokadada saxlamas\u0131 h\u0259r\u0259k\u0259tl\u0259rini \u0259xlaqs\u0131z davran\u0131\u015f adland\u0131r\u0131r.<\/p>\n<p>Ay b\u0259db\u0259xtl\u0259r, \u0259xlaqs\u0131z davran\u0131\u015f &ouml;z&uuml;n&uuml; BMT-d\u0259 d&uuml;nyan\u0131n 5 \u0259sas g&uuml;c m\u0259rk\u0259zind\u0259n biri hesab edib, bu &uuml;st&uuml;nl&uuml;kd\u0259n &ouml;z maraqlar\u0131 &uuml;&ccedil;&uuml;n sui-istifad\u0259 ed\u0259r\u0259k, &ouml;z&uuml;n&uuml;n yalan v\u0259 uydurmalar\u0131na ba\u015fqalar\u0131n\u0131 da al\u0259t etm\u0259k &ccedil;a\u011fr\u0131\u015flar\u0131d\u0131r. \u018fxlaqs\u0131zl\u0131q ba\u015f\u0131b\u0259lal\u0131 Minsk Qrupunun 3 h\u0259ms\u0259dr &ouml;lk\u0259sind\u0259n biri kimi 30 il Az\u0259rbaycan\u0131n 20 faiz torpaqlar\u0131n\u0131n bac\u0131lar\u0131 t\u0259r\u0259find\u0259n i\u015f\u011fal edilm\u0259sin\u0259, bir milyon qa&ccedil;q\u0131n v\u0259 m\u0259cburi k&ouml;&ccedil;k&uuml;n&uuml;n yurdundan-yuvas\u0131ndan did\u0259rgin d&uuml;\u015fm\u0259sin\u0259, onlar\u0131n ev -e\u015fikl\u0259rinin v\u0259h\u015fi tayfalar t\u0259r\u0259find\u0259n bo\u015f divarlar\u0131na, da\u015f-k\u0259s\u0259yin\u0259 q\u0259d\u0259r ya\u011fmalanmas\u0131na g&ouml;z yummaq v\u0259 erm\u0259nil\u0259rin insanl\u0131\u011fa zidd bel\u0259 \u0259m\u0259ll\u0259rin\u0259 haqq qazand\u0131rmaqd\u0131r.<\/p>\n<p>G&ouml;r&uuml;n\u0259n odur ki, 44 g&uuml;nl&uuml;k V\u0259t\u0259n M&uuml;harib\u0259sind\u0259 m\u0259\u011flub olan t\u0259k Erm\u0259nistan deyil, onlardan &ccedil;ox frans\u0131zlar d\u0259rin &uuml;z&uuml;nt&uuml;y\u0259 q\u0259rq olublar. H\u0259r bir v\u0259chl\u0259 &ccedil;al\u0131\u015f\u0131rlar ki, Az\u0259rbaycan Qaraba\u011f problemini &ouml;z&uuml;n&uuml;n daxili m\u0259s\u0259l\u0259si kimi bird\u0259f\u0259lik h\u0259ll etm\u0259sin. S\u0259n bir i\u015f\u0259 bax: I Qaraba\u011f m&uuml;harib\u0259sind\u0259 \u0259li ne&ccedil;\u0259-ne&ccedil;\u0259 g&uuml;nahs\u0131z az\u0259rbaycanl\u0131 qoca, qad\u0131n, k&ouml;rp\u0259 qan\u0131na batan qatil Vaqif Xa&ccedil;aturyan\u0131n v\u0259 ya d&ouml;vl\u0259t, m&uuml;st\u0259qillik atributumuz olan bayra\u011f\u0131m\u0131z\u0131 t\u0259hqir ed\u0259n futbol&ccedil;ular\u0131n h\u0259bs edilm\u0259sini bir ovuc Qaraba\u011f erm\u0259nil\u0259rin b&ouml;lg\u0259d\u0259n qovulmas\u0131na y&ouml;n\u0259l\u0259n addim adland\u0131r\u0131lar. Sizin &uuml;&ccedil;&uuml;n namus-qeyr\u0259t n\u0259 oldu\u011funu bilm\u0259s\u0259k d\u0259, bizim &uuml;&ccedil;&uuml;n torpaq da, bayraq da, himn d\u0259 \u0259n b&ouml;y&uuml;k namusdur, qeyr\u0259tdir. Unudulmaz \u015fairimiz B\u0259xtiyar Vahabzad\u0259 el\u0259-bel\u0259 dem\u0259yib ki, Bayraq m\u0259nliyimdir, bayraq kimliyim, Bayraq-&ouml;z yurduma &ouml;z hakimliyim!<br \/>\nUca t&uuml;rk mill\u0259ti he&ccedil; vaxt ba\u015fqa &ouml;lk\u0259nin bayra\u011f\u0131na \u0259l uzatmay\u0131b. Yaln\u0131z erm\u0259ni separat&ccedil;\u0131lar\u0131n \u0259ski paras\u0131n\u0131 ayaqlar alty\u0131na atm\u0131\u015f\u0131q, yand\u0131rm\u0131\u015f\u0131q. \u0130ndi h\u0259m xalq\u0131m\u0131za nam\u0259rd\u0259c\u0259sin\u0259 d&uuml;\u015fm\u0259n k\u0259silmi\u015f q\u0259ddar qani&ccedil;\u0259nl\u0259ri, h\u0259m d\u0259 bayra\u011f\u0131m\u0131z\u0131 yer\u0259 atanlar\u0131 bir-bir yaxalay\u0131b, d\u0259rsini veririk, yax\u015f\u0131 da edirik.<\/p>\n<p>Heyhat! Xank\u0259ndind\u0259 separat&ccedil;\u0131lar\u0131n g&ouml;st\u0259rdiyi &ldquo;acl\u0131q&rdquo; tama\u015fas\u0131na xarici &ouml;lk\u0259l\u0259rd\u0259 h\u0259l\u0259 d\u0259 inananlar var. D&ouml;vl\u0259timiz h\u0259mi\u015f\u0259 oldu\u011fu kimi humanizm prinsipini r\u0259hb\u0259r tutaraq Xank\u0259ndind\u0259ki erm\u0259ni v\u0259t\u0259nda\u015flar\u0131 &uuml;&ccedil;&uuml;n 40 tonluq (k&ouml;n&uuml;l ist\u0259rdi ki, bunu 44 ton edib, onlara q\u0259l\u0259b\u0259 simvolumuzu xat\u0131rlad\u0131b, g&ouml;zda\u011f\u0131 ed\u0259rdik) humanitar yard\u0131m &ndash; un v\u0259 un m\u0259mulatlar\u0131 g&ouml;nd\u0259rib. Ancaq Ruben Vardanyan\u0131n separat&ccedil;\u0131 t&ouml;r-t&ouml;k&uuml;nt&uuml;l\u0259ri A\u011fdam-Xank\u0259ndi yolu il\u0259 g&ouml;nd\u0259ril\u0259n bu yard\u0131m\u0131n qar\u015f\u0131s\u0131n\u0131 k\u0259sib, onu q\u0259bul etm\u0259k ist\u0259mirl\u0259r. M\u0259g\u0259r, bu fakt da Xank\u0259ndind\u0259 humanitar f\u0259lak\u0259tin olmas\u0131 il\u0259 ba\u011fl\u0131 uydurulan yalanlar\u0131n h\u0259qiq\u0259ti \u0259ks etdirm\u0259diyini s&uuml;but etmirmi? H\u0259qiq\u0259t\u0259n, \u0259g\u0259r orada acl\u0131q olsayd\u0131, o zaman bu yard\u0131m\u0131 q\u0259bul ed\u0259r, xalq\u0131m\u0131za da minn\u0259tdarl\u0131q ed\u0259rdil\u0259r.<br \/>\n&nbsp;B&uuml;t&uuml;n ya\u015fananlar onu dem\u0259y\u0259 \u0259sas verir ki, Xank\u0259ndimizd\u0259 sad\u0259 erm\u0259nil\u0259ri girovluqda saxlayan Arayik Harutyanlar, Ruben Vardanyanlar, Savmel Babayanlar v\u0259 daha ne&ccedil;\u0259-ne&ccedil;\u0259 yanlar Az\u0259rbaycan\u0131n Ali<\/p>\n<p>Ba\u015f Komandan\u0131n\u0131n, q\u0259hr\u0259man igid \u0259sg\u0259rl\u0259rinin, yenilm\u0259z xalq\u0131m\u0131z\u0131n yaratd\u0131\u011f\u0131 yeni reall\u0131qlar\u0131 q\u0259bul etm\u0259k ist\u0259mirl\u0259r. &Ccedil;&uuml;nki reall\u0131\u011f\u0131 q\u0259bul etm\u0259k qurduqlar\u0131 s\u0259lt\u0259n\u0259ti Bay\u0131l t&uuml;rm\u0259sin\u0259 d\u0259yi\u015fm\u0259k olacaq. Amma art\u0131q onlar &uuml;&ccedil;&uuml;n yolun sonu g&ouml;rs\u0259nir. Yax\u015f\u0131s\u0131, dir\u0259\u015fm\u0259yin, gec-tez t\u0259slim olacaqs\u0131n\u0131z. Bunu k&ouml;n&uuml;ll&uuml; edin ki, b\u0259lk\u0259 m\u0259rh\u0259m\u0259tli xalq\u0131m\u0131z dirinizi yox, n\u0259vaxtsa &ouml;l&uuml;n&uuml;z&uuml; ba\u011f\u0131\u015flas\u0131n.<\/p>\n<p><strong>\u018ffsun Sucayev<br \/>\nYAP \u0130dar\u0259 Hey\u0259tinin &uuml;zv&uuml;,&nbsp;<br \/>\nelml\u0259r doktoru<\/strong><\/p>\n","protected":false},"excerpt":{"rendered":"<p>Amma bu d\u0259f\u0259 ya\u011fl\u0131 \u015fapala\u011f\u0131n arxas\u0131nda m&ouml;hk\u0259m bir t\u0259pik d\u0259 d\u0259y\u0259c\u0259k ki, daha bir d\u0259&nbsp;yerinizd\u0259n qalxa bilm\u0259y\u0259siniz Avqustun 16-da Erm\u0259nistan\u0131n v\u0259 Qaraba\u011f\u0131n separat&ccedil;\u0131lar\u0131n\u0131n BMT-nin T\u0259hl&uuml;lk\u0259sizlik \u015euras\u0131ndan ald\u0131qlar\u0131 r&uuml;svay&ccedil;\u0131 z\u0259rb\u0259d\u0259n sonra&hellip;<\/p>\n","protected":false},"author":1,"featured_media":251278,"comment_status":"open","ping_status":"open","sticky":false,"template":"","format":"standard","meta":{"_lmt_disableupdate":"","_lmt_disable":"","footnotes":""},"categories":[86],"tags":[],"class_list":["post-184722","post","type-post","status-publish","format-standard","has-post-thumbnail","hentry","category-siyaset"],"_links":{"self":[{"href":"https:\/\/ucnoqta.az\/index.php?rest_route=\/wp\/v2\/posts\/184722","targetHints":{"allow":["GET"]}}],"collection":[{"href":"https:\/\/ucnoqta.az\/index.php?rest_route=\/wp\/v2\/posts"}],"about":[{"href":"https:\/\/ucnoqta.az\/index.php?rest_route=\/wp\/v2\/types\/post"}],"author":[{"embeddable":true,"href":"https:\/\/ucnoqta.az\/index.php?rest_route=\/wp\/v2\/users\/1"}],"replies":[{"embeddable":true,"href":"https:\/\/ucnoqta.az\/index.php?rest_route=%2Fwp%2Fv2%2Fcomments&post=184722"}],"version-history":[{"count":0,"href":"https:\/\/ucnoqta.az\/index.php?rest_route=\/wp\/v2\/posts\/184722\/revisions"}],"wp:featuredmedia":[{"embeddable":true,"href":"https:\/\/ucnoqta.az\/index.php?rest_route=\/wp\/v2\/media\/251278"}],"wp:attachment":[{"href":"https:\/\/ucnoqta.az\/index.php?rest_route=%2Fwp%2Fv2%2Fmedia&parent=184722"}],"wp:term":[{"taxonomy":"category","embeddable":true,"href":"https:\/\/ucnoqta.az\/index.php?rest_route=%2Fwp%2Fv2%2Fcategories&post=184722"},{"taxonomy":"post_tag","embeddable":true,"href":"https:\/\/ucnoqta.az\/index.php?rest_route=%2Fwp%2Fv2%2Ftags&post=184722"}],"curies":[{"name":"wp","href":"https:\/\/api.w.org\/{rel}","templated":true}]}}