{"id":184720,"date":"2023-08-30T15:34:26","date_gmt":"2023-08-30T11:34:26","guid":{"rendered":""},"modified":"-0001-11-30T00:00:00","modified_gmt":"-0001-11-29T20:00:00","slug":"","status":"publish","type":"post","link":"https:\/\/ucnoqta.az\/?p=184720","title":{"rendered":"\u201cQaraba\u011f\u201ddan q\u0259l\u0259b\u0259 g\u00f6zl\u0259yir\u0259m, ancaq &#8230;\u201d &#8211;"},"content":{"rendered":"<p><strong>&ldquo;Qaraba\u011f&rdquo;dan g&ouml;zl\u0259ntim q\u0259l\u0259b\u0259 v\u0259 qrup m\u0259rh\u0259l\u0259sin\u0259 v\u0259siq\u0259 qazanmaqd\u0131r. Birinci qar\u015f\u0131la\u015fmada &ccedil;ox yax\u015f\u0131 n\u0259tic\u0259 \u0259ld\u0259 etdik. Cavab mat&ccedil;\u0131nda is\u0259 arxay\u0131nla\u015fmamal\u0131y\u0131q. Komanda &uuml;zvl\u0259ri d\u0259 bunu bilirl\u0259r&rdquo;.<\/strong><\/p>\n<p>Bunu &ldquo;Report&rdquo;a a&ccedil;\u0131qlamas\u0131nda \u018fm\u0259kdar m\u0259\u015fq&ccedil;i, AFFA-n\u0131n M\u0259\u015fq&ccedil;il\u0259r Komit\u0259sinin &uuml;zv&uuml; A\u011fas\u0259lim Mircavadov Az\u0259rbaycan t\u0259msil&ccedil;isinin Bak\u0131da Sloveniya &ldquo;Olimpiya&rdquo;s\u0131na qar\u015f\u0131 ke&ccedil;ir\u0259c\u0259yi UEFA Avropa Liqas\u0131n\u0131n pley-off m\u0259rh\u0259l\u0259sinin cavab oyunu bar\u0259d\u0259 dan\u0131\u015fark\u0259n deyib.<\/p>\n<p>76 ya\u015fl\u0131 m&uuml;t\u0259x\u0259ssis &ldquo;k&ouml;hl\u0259n atlar&rdquo;a u\u011furlar arzulay\u0131b:<\/p>\n<p>&ldquo;G&ouml;r&uuml;\u015f\u0259 yax\u015f\u0131 k&ouml;kl\u0259nm\u0259k v\u0259 UEFA Avropa Liqas\u0131n\u0131n qrup m\u0259rh\u0259l\u0259sin\u0259 v\u0259siq\u0259 qazanmaq laz\u0131md\u0131r. Yaln\u0131z komandan\u0131n &Ccedil;empionlar Liqas\u0131nda olmamas\u0131na g&ouml;r\u0259 t\u0259\u0259ss&uuml;fl\u0259nir\u0259m. &ldquo;Rakuv&rdquo;un bu turnird\u0259 &ldquo;Kopenhagen&rdquo;\u0259 qar\u015f\u0131 Pol\u015fada ke&ccedil;iril\u0259n ilk mat&ccedil;\u0131na baxd\u0131m. Onlar el\u0259 d\u0259 g&uuml;cl&uuml; deyill\u0259r. Biziml\u0259 dueld\u0259 s\u0259hv h\u0259lledici rol oynad\u0131. R\u0259qib t\u0259l\u0259sm\u0259di v\u0259 &ldquo;Qaraba\u011f&rdquo;\u0131n s\u0259hvl\u0259rind\u0259n yararland\u0131. Bu da vacib amildir&rdquo;.<\/p>\n<p>Mircavadov A\u011fdam klubunun qrup m\u0259rh\u0259l\u0259sind\u0259 d\u0259 u\u011furlu &ccedil;\u0131x\u0131\u015f ed\u0259c\u0259yin\u0259 inand\u0131\u011f\u0131n\u0131 vur\u011fulay\u0131b:<\/p>\n<p>&ldquo;\u018fsas odur ki, &ldquo;Qaraba\u011f&rdquo;\u0131n Avropada v\u0259 Az\u0259rbaycan Premyer Liqas\u0131nda oynamaq &uuml;&ccedil;&uuml;n geni\u015f hey\u0259ti var. Qrupda hans\u0131 r\u0259qibl\u0259rin d&uuml;\u015f\u0259c\u0259yi m\u0259ni maraqland\u0131rm\u0131r. Bizi \u0259sas &ldquo;Qaraba\u011f&rdquo;\u0131n &ouml;z&uuml; maraqland\u0131rmal\u0131d\u0131r. H\u0259r qar\u015f\u0131la\u015fmaya b&ouml;y&uuml;k motivasiya laz\u0131md\u0131r&rdquo;.<\/p>\n<p>Qeyd ed\u0259k ki, Az\u0259rbaycan t\u0259msil&ccedil;isi Lyublyanada r\u0259qibini 0:2 hesab\u0131 il\u0259 &uuml;st\u0259l\u0259yib. Avqustun 31-d\u0259 ba\u015f tutacaq &ldquo;Qaraba\u011f&rdquo; &#8211; &ldquo;Olimpiya&rdquo; oyunu saat 20:00-da start g&ouml;t&uuml;r\u0259c\u0259k.<\/p>\n","protected":false},"excerpt":{"rendered":"<p>&ldquo;Qaraba\u011f&rdquo;dan g&ouml;zl\u0259ntim q\u0259l\u0259b\u0259 v\u0259 qrup m\u0259rh\u0259l\u0259sin\u0259 v\u0259siq\u0259 qazanmaqd\u0131r. Birinci qar\u015f\u0131la\u015fmada &ccedil;ox yax\u015f\u0131 n\u0259tic\u0259 \u0259ld\u0259 etdik. Cavab mat&ccedil;\u0131nda is\u0259 arxay\u0131nla\u015fmamal\u0131y\u0131q. Komanda &uuml;zvl\u0259ri d\u0259 bunu bilirl\u0259r&rdquo;. Bunu &ldquo;Report&rdquo;a a&ccedil;\u0131qlamas\u0131nda \u018fm\u0259kdar m\u0259\u015fq&ccedil;i, AFFA-n\u0131n&hellip;<\/p>\n","protected":false},"author":1,"featured_media":251278,"comment_status":"open","ping_status":"open","sticky":false,"template":"","format":"standard","meta":{"_lmt_disableupdate":"","_lmt_disable":"","footnotes":""},"categories":[90],"tags":[],"class_list":["post-184720","post","type-post","status-publish","format-standard","has-post-thumbnail","hentry","category-idman-butun-xeberler"],"_links":{"self":[{"href":"https:\/\/ucnoqta.az\/index.php?rest_route=\/wp\/v2\/posts\/184720","targetHints":{"allow":["GET"]}}],"collection":[{"href":"https:\/\/ucnoqta.az\/index.php?rest_route=\/wp\/v2\/posts"}],"about":[{"href":"https:\/\/ucnoqta.az\/index.php?rest_route=\/wp\/v2\/types\/post"}],"author":[{"embeddable":true,"href":"https:\/\/ucnoqta.az\/index.php?rest_route=\/wp\/v2\/users\/1"}],"replies":[{"embeddable":true,"href":"https:\/\/ucnoqta.az\/index.php?rest_route=%2Fwp%2Fv2%2Fcomments&post=184720"}],"version-history":[{"count":0,"href":"https:\/\/ucnoqta.az\/index.php?rest_route=\/wp\/v2\/posts\/184720\/revisions"}],"wp:featuredmedia":[{"embeddable":true,"href":"https:\/\/ucnoqta.az\/index.php?rest_route=\/wp\/v2\/media\/251278"}],"wp:attachment":[{"href":"https:\/\/ucnoqta.az\/index.php?rest_route=%2Fwp%2Fv2%2Fmedia&parent=184720"}],"wp:term":[{"taxonomy":"category","embeddable":true,"href":"https:\/\/ucnoqta.az\/index.php?rest_route=%2Fwp%2Fv2%2Fcategories&post=184720"},{"taxonomy":"post_tag","embeddable":true,"href":"https:\/\/ucnoqta.az\/index.php?rest_route=%2Fwp%2Fv2%2Ftags&post=184720"}],"curies":[{"name":"wp","href":"https:\/\/api.w.org\/{rel}","templated":true}]}}