{"id":184712,"date":"2023-08-30T14:07:20","date_gmt":"2023-08-30T10:07:20","guid":{"rendered":""},"modified":"-0001-11-30T00:00:00","modified_gmt":"-0001-11-29T20:00:00","slug":"","status":"publish","type":"post","link":"https:\/\/ucnoqta.az\/?p=184712","title":{"rendered":"T\u00fcrkiy\u0259 xarici i\u015fl\u0259r nazirinin Rusiyaya s\u0259f\u0259rinin tarixi m\u0259lum olub"},"content":{"rendered":"<p><strong>T&uuml;rkiy\u0259 xarici i\u015fl\u0259r nazirinin Rusiyaya s\u0259f\u0259rinin tarixi m\u0259lum olub<\/strong><\/p>\n<p>Ucnoqta.az x\u0259b\u0259r verir ki, bunu Rusiya Xarici \u0130\u015fl\u0259r Nazirliyinin r\u0259smi n&uuml;may\u0259nd\u0259si Mariya Zaxarova brifinqd\u0259 deyib.<\/p>\n<p>Zaxarovan\u0131n s&ouml;zl\u0259rin\u0259 g&ouml;r\u0259, T&uuml;rkiy\u0259nin xarici i\u015fl\u0259r naziri Hakan Fidan y&uuml;ks\u0259k s\u0259viyy\u0259li t\u0259maslar\u0131n haz\u0131rlanmas\u0131 &ccedil;\u0259r&ccedil;iv\u0259sind\u0259 avqustun 31-d\u0259n sentyabr\u0131n 1-d\u0259k Rusiyaya s\u0259f\u0259r ed\u0259c\u0259k.<\/p>\n<p>G&ouml;r&uuml;\u015f&uuml;n g&uuml;nd\u0259liyin\u0259 ikit\u0259r\u0259fli v\u0259 beyn\u0259lxalq g&uuml;nd\u0259liyin geni\u015f spektri daxildir. X&uuml;susil\u0259 Fidan v\u0259 Rusiyan\u0131n xarici i\u015fl\u0259r naziri Sergey Lavrov Ukrayna, Suriya, Liviya v\u0259 Zaqafqaziyadak\u0131 v\u0259ziyy\u0259ti m&uuml;zakir\u0259 ed\u0259c\u0259kl\u0259r. Bundan \u0259lav\u0259, enerji sektorunda strateji layih\u0259l\u0259rin h\u0259yata ke&ccedil;irilm\u0259sind\u0259n dan\u0131\u015faca\u011f\u0131q. H\u0259m&ccedil;inin, iki &ouml;lk\u0259nin xarici i\u015fl\u0259r nazirlikl\u0259rinin r\u0259hb\u0259rl\u0259ri y&uuml;ks\u0259k s\u0259viyy\u0259d\u0259 ikit\u0259r\u0259fli t\u0259maslar\u0131n c\u0259dv\u0259lini haz\u0131rlayacaqlar.<\/p>\n","protected":false},"excerpt":{"rendered":"<p>T&uuml;rkiy\u0259 xarici i\u015fl\u0259r nazirinin Rusiyaya s\u0259f\u0259rinin tarixi m\u0259lum olub Ucnoqta.az x\u0259b\u0259r verir ki, bunu Rusiya Xarici \u0130\u015fl\u0259r Nazirliyinin r\u0259smi n&uuml;may\u0259nd\u0259si Mariya Zaxarova brifinqd\u0259 deyib. Zaxarovan\u0131n s&ouml;zl\u0259rin\u0259 g&ouml;r\u0259, T&uuml;rkiy\u0259nin xarici i\u015fl\u0259r&hellip;<\/p>\n","protected":false},"author":1,"featured_media":251278,"comment_status":"open","ping_status":"open","sticky":false,"template":"","format":"standard","meta":{"_lmt_disableupdate":"","_lmt_disable":"","footnotes":""},"categories":[89],"tags":[],"class_list":["post-184712","post","type-post","status-publish","format-standard","has-post-thumbnail","hentry","category-dunya-butun-xeberler"],"_links":{"self":[{"href":"https:\/\/ucnoqta.az\/index.php?rest_route=\/wp\/v2\/posts\/184712","targetHints":{"allow":["GET"]}}],"collection":[{"href":"https:\/\/ucnoqta.az\/index.php?rest_route=\/wp\/v2\/posts"}],"about":[{"href":"https:\/\/ucnoqta.az\/index.php?rest_route=\/wp\/v2\/types\/post"}],"author":[{"embeddable":true,"href":"https:\/\/ucnoqta.az\/index.php?rest_route=\/wp\/v2\/users\/1"}],"replies":[{"embeddable":true,"href":"https:\/\/ucnoqta.az\/index.php?rest_route=%2Fwp%2Fv2%2Fcomments&post=184712"}],"version-history":[{"count":0,"href":"https:\/\/ucnoqta.az\/index.php?rest_route=\/wp\/v2\/posts\/184712\/revisions"}],"wp:featuredmedia":[{"embeddable":true,"href":"https:\/\/ucnoqta.az\/index.php?rest_route=\/wp\/v2\/media\/251278"}],"wp:attachment":[{"href":"https:\/\/ucnoqta.az\/index.php?rest_route=%2Fwp%2Fv2%2Fmedia&parent=184712"}],"wp:term":[{"taxonomy":"category","embeddable":true,"href":"https:\/\/ucnoqta.az\/index.php?rest_route=%2Fwp%2Fv2%2Fcategories&post=184712"},{"taxonomy":"post_tag","embeddable":true,"href":"https:\/\/ucnoqta.az\/index.php?rest_route=%2Fwp%2Fv2%2Ftags&post=184712"}],"curies":[{"name":"wp","href":"https:\/\/api.w.org\/{rel}","templated":true}]}}