{"id":184709,"date":"2023-08-30T13:23:18","date_gmt":"2023-08-30T09:23:18","guid":{"rendered":""},"modified":"-0001-11-30T00:00:00","modified_gmt":"-0001-11-29T20:00:00","slug":"","status":"publish","type":"post","link":"https:\/\/ucnoqta.az\/?p=184709","title":{"rendered":"&#8220;Fransan\u0131n y\u00fckl\u0259ri v\u0259 Parisin meri La\u00e7\u0131n yolunda ili\u015fib qalmal\u0131d\u0131rlar&#8221;"},"content":{"rendered":"<p><strong>Bu psixoloji m&uuml;bariz\u0259dir, Fransa biz\u0259 t\u0259zyiqi art\u0131rma\u011fa &ccedil;al\u0131\u015f\u0131r. Fransa Avropan\u0131n iki apar\u0131c\u0131 d&ouml;vl\u0259tind\u0259n biri oldu\u011fundan bu &ouml;lk\u0259nin prezidenti hesab edir ki, Erm\u0259nistan\u0131n m&ouml;vqeyind\u0259n &ccedil;\u0131x\u0131\u015f ed\u0259r\u0259k Az\u0259rbaycana t\u0259zyiq siyas\u0259ti n\u0259tic\u0259 ver\u0259c\u0259k. Fransa prezidenti Emmanuel Makronun Bak\u0131ya d&uuml;n\u0259nki z\u0259ngi d\u0259 bununla ba\u011fl\u0131d\u0131r. Makronun d&ouml;vl\u0259t ba\u015f&ccedil;\u0131s\u0131 \u0130lham \u018fliyevl\u0259 fikir m&uuml;badil\u0259sinin i&ccedil;i bar\u0259d\u0259 m\u0259lumat verilm\u0259s\u0259 d\u0259, s&ouml;hb\u0259tin \u0259sas hiss\u0259sinin La&ccedil;\u0131n yolu il\u0259 ba\u011fl\u0131 oldu\u011funu g&uuml;man etm\u0259k olar.<\/strong><\/p>\n<p>Ucnoqta.az x\u0259b\u0259r verir ki, bu bar\u0259d\u0259 siyasi ekspert Elxan \u015eahino\u011flu deyib.<\/p>\n<p><strong>Yolu a&ccedil;masaq, Paris biz\u0259 qar\u015f\u0131 n\u0259 ed\u0259 bil\u0259r?<\/strong><\/p>\n<p>Ekspert bildirir ki, Fransa BMT T\u0259hl&uuml;k\u0259sizlik \u015euras\u0131n\u0131n daimi &uuml;zv&uuml; kimi Az\u0259rbaycan qar\u015f\u0131 q\u0259tnam\u0259 q\u0259bul etdirm\u0259y\u0259 &ccedil;al\u0131\u015fa bil\u0259r:<\/p>\n<p>&quot;Rusiya veto h&uuml;ququndan istifad\u0259 ed\u0259c\u0259k. Rusiya bunu Az\u0259rbaycana g&ouml;r\u0259 deyil, Ukrayna m&uuml;harib\u0259sin\u0259 g&ouml;r\u0259 Q\u0259rbl\u0259 qar\u015f\u0131durmas\u0131na g&ouml;r\u0259 ed\u0259c\u0259k. AB\u015e-\u0131n &ouml;z&uuml; d\u0259 Fransan\u0131n oyununa g\u0259lib Avrasiya b&ouml;lg\u0259sind\u0259 indiki h\u0259ssas m\u0259qamda Az\u0259rbaycanla m&uuml;nasib\u0259tl\u0259ri korlamaq ist\u0259m\u0259z. Fransa Avropa \u0130ttifaq\u0131 &ccedil;\u0259r&ccedil;iv\u0259sind\u0259 d\u0259 Az\u0259rbaycana qar\u015f\u0131 t\u0259zyiq mexanizml\u0259rini h\u0259r\u0259k\u0259t\u0259 g\u0259tir\u0259 bil\u0259r. Fransan\u0131n bu istiqam\u0259td\u0259 d\u0259 n\u0259tic\u0259 \u0259ld\u0259 ed\u0259c\u0259yi problematikdir. Avropa \u0130ttifaq\u0131nda q\u0259rarlar konsensusla q\u0259bul edilir, Az\u0259rbaycan\u0131n Avropadak\u0131 dostlar\u0131 v\u0259 enerji resurslar\u0131m\u0131za ehtiyac\u0131 olan d&ouml;vl\u0259tl\u0259r Fransan\u0131n anti-Az\u0259rbaycan q\u0259rar\u0131na d\u0259st\u0259k verm\u0259y\u0259c\u0259kl\u0259r. Ona g&ouml;r\u0259 d\u0259 Fransan\u0131n y&uuml;kl\u0259ri v\u0259 Parisin meri La&ccedil;\u0131n yolunda ili\u015fib qalmal\u0131d\u0131rlar&quot;.<\/p>\n","protected":false},"excerpt":{"rendered":"<p>Bu psixoloji m&uuml;bariz\u0259dir, Fransa biz\u0259 t\u0259zyiqi art\u0131rma\u011fa &ccedil;al\u0131\u015f\u0131r. Fransa Avropan\u0131n iki apar\u0131c\u0131 d&ouml;vl\u0259tind\u0259n biri oldu\u011fundan bu &ouml;lk\u0259nin prezidenti hesab edir ki, Erm\u0259nistan\u0131n m&ouml;vqeyind\u0259n &ccedil;\u0131x\u0131\u015f ed\u0259r\u0259k Az\u0259rbaycana t\u0259zyiq siyas\u0259ti n\u0259tic\u0259 ver\u0259c\u0259k.&hellip;<\/p>\n","protected":false},"author":1,"featured_media":251278,"comment_status":"open","ping_status":"open","sticky":false,"template":"","format":"standard","meta":{"_lmt_disableupdate":"","_lmt_disable":"","footnotes":""},"categories":[86],"tags":[],"class_list":["post-184709","post","type-post","status-publish","format-standard","has-post-thumbnail","hentry","category-siyaset"],"_links":{"self":[{"href":"https:\/\/ucnoqta.az\/index.php?rest_route=\/wp\/v2\/posts\/184709","targetHints":{"allow":["GET"]}}],"collection":[{"href":"https:\/\/ucnoqta.az\/index.php?rest_route=\/wp\/v2\/posts"}],"about":[{"href":"https:\/\/ucnoqta.az\/index.php?rest_route=\/wp\/v2\/types\/post"}],"author":[{"embeddable":true,"href":"https:\/\/ucnoqta.az\/index.php?rest_route=\/wp\/v2\/users\/1"}],"replies":[{"embeddable":true,"href":"https:\/\/ucnoqta.az\/index.php?rest_route=%2Fwp%2Fv2%2Fcomments&post=184709"}],"version-history":[{"count":0,"href":"https:\/\/ucnoqta.az\/index.php?rest_route=\/wp\/v2\/posts\/184709\/revisions"}],"wp:featuredmedia":[{"embeddable":true,"href":"https:\/\/ucnoqta.az\/index.php?rest_route=\/wp\/v2\/media\/251278"}],"wp:attachment":[{"href":"https:\/\/ucnoqta.az\/index.php?rest_route=%2Fwp%2Fv2%2Fmedia&parent=184709"}],"wp:term":[{"taxonomy":"category","embeddable":true,"href":"https:\/\/ucnoqta.az\/index.php?rest_route=%2Fwp%2Fv2%2Fcategories&post=184709"},{"taxonomy":"post_tag","embeddable":true,"href":"https:\/\/ucnoqta.az\/index.php?rest_route=%2Fwp%2Fv2%2Ftags&post=184709"}],"curies":[{"name":"wp","href":"https:\/\/api.w.org\/{rel}","templated":true}]}}