{"id":179091,"date":"2023-06-10T10:48:07","date_gmt":"2023-06-10T06:48:07","guid":{"rendered":""},"modified":"-0001-11-30T00:00:00","modified_gmt":"-0001-11-29T20:00:00","slug":"","status":"publish","type":"post","link":"https:\/\/ucnoqta.az\/?p=179091","title":{"rendered":"Zakir H\u0259s\u0259nov orduya haz\u0131r olmaq bar\u0259d\u0259 g\u00f6st\u0259ri\u015fl\u0259r verib"},"content":{"rendered":"<p>Quru Qo\u015funlar\u0131n\u0131n haz\u0131rl\u0131q plan\u0131na \u0259sas\u0259n, azad edilmi\u015f \u0259razil\u0259rd\u0259 komanda-q\u0259rargah t\u0259limi ke&ccedil;irilib.<\/p>\n<p>MN-d\u0259n veril\u0259n m\u0259lumata g&ouml;r\u0259, t\u0259lim\u0259 c\u0259lb olunan birlik, birl\u0259\u015fm\u0259 v\u0259 hiss\u0259l\u0259r aidiyy\u0259ti &uuml;zr\u0259 m&uuml;xt\u0259lif d\u0259r\u0259c\u0259li d&ouml;y&uuml;\u015f\u0259 haz\u0131rolma v\u0259ziyy\u0259tin\u0259 g\u0259tirilib, t\u0259yin olunmu\u015f rayonlara &ccedil;\u0131xar\u0131laraq idar\u0259etm\u0259 orqanlar\u0131n\u0131n \u0259razid\u0259 a&ccedil;\u0131lmas\u0131 t\u0259min edilib, h\u0259m&ccedil;inin dig\u0259r qo\u015fun n&ouml;v&uuml; b&ouml;lm\u0259l\u0259ri il\u0259 qar\u015f\u0131l\u0131ql\u0131 \u0259laq\u0259d\u0259 f\u0259aliyy\u0259tl\u0259r icra olunub.<\/p>\n<p>Az\u0259rbaycan Respublikas\u0131n\u0131n m&uuml;dafi\u0259 naziri general-polkovnik Zakir H\u0259s\u0259nov v\u0259 nazirliyin dig\u0259r r\u0259hb\u0259r hey\u0259ti komanda-q\u0259rargah t\u0259liminin gedi\u015fat\u0131n\u0131, o c&uuml;ml\u0259d\u0259n b&ouml;lm\u0259l\u0259rin \u0259razid\u0259 f\u0259aliyy\u0259tini izl\u0259yib.<\/p>\n<p>General-polkovnik Z.H\u0259s\u0259nov s\u0259hra \u015f\u0259raitind\u0259 a&ccedil;\u0131lan komanda idar\u0259etm\u0259 m\u0259nt\u0259q\u0259sin\u0259 g\u0259l\u0259r\u0259k f\u0259aliyy\u0259tl\u0259rin t\u0259\u015fkilini yoxlay\u0131b, \u0259m\u0259liyyatlar\u0131n apar\u0131lmas\u0131 zaman\u0131 komandir v\u0259 q\u0259rargah zabitl\u0259rinin x\u0259rit\u0259, el\u0259c\u0259 d\u0259 \u0259razinin maketi &uuml;z\u0259rind\u0259 q\u0259bul edil\u0259n q\u0259rarlara dair m\u0259ruz\u0259l\u0259rini dinl\u0259yib.<\/p>\n<p>Qeyd edilib ki, V\u0259t\u0259n m&uuml;harib\u0259si v\u0259 sonraki \u0259m\u0259liyyatlarda qazan\u0131lan d&ouml;y&uuml;\u015f t\u0259cr&uuml;b\u0259si n\u0259z\u0259r\u0259 al\u0131nmaqla &ccedil;\u0259tin relyefli \u0259razil\u0259rd\u0259 m&uuml;asir idar\u0259etm\u0259 &uuml;sullar\u0131n\u0131n t\u0259tbiq edilm\u0259si il\u0259 ke&ccedil;iril\u0259n t\u0259limd\u0259 \u0259sas m\u0259qs\u0259d komandir v\u0259 m&uuml;vafiq v\u0259zif\u0259li \u015f\u0259xsl\u0259rin bilik s\u0259viyy\u0259sinin, el\u0259c\u0259 d\u0259 idar\u0259etm\u0259 v\u0259 &ccedil;evik q\u0259rar q\u0259buletm\u0259 bacar\u0131qlar\u0131n\u0131n inki\u015faf etdirilm\u0259sidir.<\/p>\n<p>Sonra general-polkovnik Z.H\u0259s\u0259novun r\u0259hb\u0259rliyi il\u0259 t\u0259limin yekun iclas\u0131 ke&ccedil;irilib.<\/p>\n<p>T\u0259limin gedi\u015fat\u0131n\u0131 m&uuml;sb\u0259t qiym\u0259tl\u0259ndir\u0259n nazir, Az\u0259rbaycan Respublikas\u0131n\u0131n Prezidenti, Silahl\u0131 Q&uuml;vv\u0259l\u0259rin Ali Ba\u015f Komandan\u0131 \u0130lham \u018fliyevin Az\u0259rbaycan Ordusu qar\u015f\u0131s\u0131nda qoydu\u011fu tap\u015f\u0131r\u0131qlar\u0131 iclas i\u015ftirak&ccedil;\u0131lar\u0131n\u0131n diqq\u0259tin\u0259 &ccedil;atd\u0131r\u0131b.<\/p>\n<p>M&uuml;dafi\u0259 naziri Ali Ba\u015f Komandan t\u0259r\u0259find\u0259n qar\u015f\u0131ya qoyulan tap\u015f\u0131r\u0131qlar\u0131, Ordumuzun &uuml;z\u0259rin\u0259 d&uuml;\u015f\u0259n b&uuml;t&uuml;n v\u0259zif\u0259l\u0259ri layiqinc\u0259 yerin\u0259 yetirm\u0259k, el\u0259c\u0259 d\u0259 m&uuml;mk&uuml;n t\u0259xribatlar\u0131n qar\u015f\u0131s\u0131n\u0131 d\u0259rhal v\u0259 q\u0259tiyy\u0259tl\u0259 alma\u011fa h\u0259r an haz\u0131r olmaq bar\u0259d\u0259 konkret g&ouml;st\u0259ri\u015fl\u0259r verib.<\/p>\n<p>Sonda d&ouml;y&uuml;\u015f haz\u0131rl\u0131\u011f\u0131n\u0131n, o c&uuml;ml\u0259d\u0259n h\u0259rbi qulluq&ccedil;ular\u0131n pe\u015f\u0259karl\u0131q s\u0259viyy\u0259l\u0259rinin daim y&uuml;ks\u0259k s\u0259viyy\u0259d\u0259 saxlan\u0131lmas\u0131, t\u0259lim v\u0259 m\u0259\u015fql\u0259rin daha keyfiyy\u0259tli v\u0259 intensiv ke&ccedil;irilm\u0259si il\u0259 ba\u011fl\u0131 v\u0259zif\u0259li \u015f\u0259xsl\u0259r qar\u015f\u0131s\u0131nda tap\u015f\u0131r\u0131qlar qoyulub.<\/p>\n","protected":false},"excerpt":{"rendered":"<p>Quru Qo\u015funlar\u0131n\u0131n haz\u0131rl\u0131q plan\u0131na \u0259sas\u0259n, azad edilmi\u015f \u0259razil\u0259rd\u0259 komanda-q\u0259rargah t\u0259limi ke&ccedil;irilib. MN-d\u0259n veril\u0259n m\u0259lumata g&ouml;r\u0259, t\u0259lim\u0259 c\u0259lb olunan birlik, birl\u0259\u015fm\u0259 v\u0259 hiss\u0259l\u0259r aidiyy\u0259ti &uuml;zr\u0259 m&uuml;xt\u0259lif d\u0259r\u0259c\u0259li d&ouml;y&uuml;\u015f\u0259 haz\u0131rolma v\u0259ziyy\u0259tin\u0259 g\u0259tirilib,&hellip;<\/p>\n","protected":false},"author":1,"featured_media":251278,"comment_status":"open","ping_status":"open","sticky":false,"template":"","format":"standard","meta":{"_lmt_disableupdate":"","_lmt_disable":"","footnotes":""},"categories":[],"tags":[],"class_list":["post-179091","post","type-post","status-publish","format-standard","has-post-thumbnail","hentry"],"_links":{"self":[{"href":"https:\/\/ucnoqta.az\/index.php?rest_route=\/wp\/v2\/posts\/179091","targetHints":{"allow":["GET"]}}],"collection":[{"href":"https:\/\/ucnoqta.az\/index.php?rest_route=\/wp\/v2\/posts"}],"about":[{"href":"https:\/\/ucnoqta.az\/index.php?rest_route=\/wp\/v2\/types\/post"}],"author":[{"embeddable":true,"href":"https:\/\/ucnoqta.az\/index.php?rest_route=\/wp\/v2\/users\/1"}],"replies":[{"embeddable":true,"href":"https:\/\/ucnoqta.az\/index.php?rest_route=%2Fwp%2Fv2%2Fcomments&post=179091"}],"version-history":[{"count":0,"href":"https:\/\/ucnoqta.az\/index.php?rest_route=\/wp\/v2\/posts\/179091\/revisions"}],"wp:featuredmedia":[{"embeddable":true,"href":"https:\/\/ucnoqta.az\/index.php?rest_route=\/wp\/v2\/media\/251278"}],"wp:attachment":[{"href":"https:\/\/ucnoqta.az\/index.php?rest_route=%2Fwp%2Fv2%2Fmedia&parent=179091"}],"wp:term":[{"taxonomy":"category","embeddable":true,"href":"https:\/\/ucnoqta.az\/index.php?rest_route=%2Fwp%2Fv2%2Fcategories&post=179091"},{"taxonomy":"post_tag","embeddable":true,"href":"https:\/\/ucnoqta.az\/index.php?rest_route=%2Fwp%2Fv2%2Ftags&post=179091"}],"curies":[{"name":"wp","href":"https:\/\/api.w.org\/{rel}","templated":true}]}}