{"id":179086,"date":"2023-06-10T08:59:46","date_gmt":"2023-06-10T04:59:46","guid":{"rendered":""},"modified":"-0001-11-30T00:00:00","modified_gmt":"-0001-11-29T20:00:00","slug":"","status":"publish","type":"post","link":"https:\/\/ucnoqta.az\/?p=179086","title":{"rendered":"Nigar Camaldan cazib\u0259dar &#8211;"},"content":{"rendered":"<p><strong>Az\u0259rbaycana 2011-ci ild\u0259 &quot;Avroviziya&quot; sevinci ya\u015fadan m&uuml;\u011f\u0259nni Nigar Camal yeni fotolar\u0131 il\u0259 diqq\u0259tl\u0259ri &uuml;z\u0259rin\u0259 c\u0259ml\u0259yib.<\/strong><\/p>\n<p>Ucnoqta.az Bizim media-ya istinad\u0259n x\u0259b\u0259r verir ki, s\u0259n\u0259t&ccedil;i atlaz material\u0131ndan ibar\u0259t d\u0259rin sin\u0259, k&uuml;r\u0259k dekolteli, &ouml;nd\u0259n is\u0259 d\u0259rin y\u0131rtmacl\u0131 &quot;nude&quot; r\u0259ngli libasda Q\u0131z Qalas\u0131 \u0259traf\u0131nda yerl\u0259\u015f\u0259n restoranlar\u0131n birinin reklam\u0131 &uuml;&ccedil;&uuml;n obyektiv qar\u015f\u0131s\u0131na ke&ccedil;ib.<\/p>\n<p>Nigar cazib\u0259dar pozlar\u0131 v\u0259 g&ouml;z\u0259lliyi il\u0259 &quot;a\u011f\u0131llar\u0131 ba\u015fdan al\u0131b&quot;.<\/p>\n<p>S&ouml;z&uuml;ged\u0259n fotolar\u0131 Camal &quot;H\u0259yat\u0131 tam ya\u015fay\u0131n v\u0259 pozitiv\u0259 diqq\u0259t yetirin&quot; ba\u015fl\u0131\u011f\u0131 il\u0259 sosial \u015f\u0259b\u0259k\u0259 hesab\u0131nda izl\u0259yicil\u0259ri il\u0259 payla\u015f\u0131b. Estrada ulduzunun bu \u015f\u0259kill\u0259ri is\u0259 izl\u0259yicil\u0259r t\u0259r\u0259find\u0259n &ccedil;ox b\u0259y\u0259nilib.&nbsp;<\/p>\n<p><img decoding=\"async\" alt=\"\" src=\"https:\/\/cdn.yenisabah.az\/resize.php?w=0&amp;h=0&amp;file=image_750x422_6483f3c43355a.jpg\" \/><\/p>\n<p><img decoding=\"async\" alt=\"\" src=\"https:\/\/cdn.yenisabah.az\/resize.php?w=0&amp;h=0&amp;file=image_750x422_6483f3c3b4b5f.jpg\" \/><\/p>\n<p><img decoding=\"async\" alt=\"\" src=\"https:\/\/cdn.yenisabah.az\/resize.php?w=0&amp;h=0&amp;file=image_750x422_6483f3c37edbc.jpg\" \/><\/p>\n","protected":false},"excerpt":{"rendered":"<p>Az\u0259rbaycana 2011-ci ild\u0259 &quot;Avroviziya&quot; sevinci ya\u015fadan m&uuml;\u011f\u0259nni Nigar Camal yeni fotolar\u0131 il\u0259 diqq\u0259tl\u0259ri &uuml;z\u0259rin\u0259 c\u0259ml\u0259yib. Ucnoqta.az Bizim media-ya istinad\u0259n x\u0259b\u0259r verir ki, s\u0259n\u0259t&ccedil;i atlaz material\u0131ndan ibar\u0259t d\u0259rin sin\u0259, k&uuml;r\u0259k dekolteli,&hellip;<\/p>\n","protected":false},"author":1,"featured_media":251278,"comment_status":"open","ping_status":"open","sticky":false,"template":"","format":"standard","meta":{"_lmt_disableupdate":"","_lmt_disable":"","footnotes":""},"categories":[92],"tags":[],"class_list":["post-179086","post","type-post","status-publish","format-standard","has-post-thumbnail","hentry","category-maqazin"],"_links":{"self":[{"href":"https:\/\/ucnoqta.az\/index.php?rest_route=\/wp\/v2\/posts\/179086","targetHints":{"allow":["GET"]}}],"collection":[{"href":"https:\/\/ucnoqta.az\/index.php?rest_route=\/wp\/v2\/posts"}],"about":[{"href":"https:\/\/ucnoqta.az\/index.php?rest_route=\/wp\/v2\/types\/post"}],"author":[{"embeddable":true,"href":"https:\/\/ucnoqta.az\/index.php?rest_route=\/wp\/v2\/users\/1"}],"replies":[{"embeddable":true,"href":"https:\/\/ucnoqta.az\/index.php?rest_route=%2Fwp%2Fv2%2Fcomments&post=179086"}],"version-history":[{"count":0,"href":"https:\/\/ucnoqta.az\/index.php?rest_route=\/wp\/v2\/posts\/179086\/revisions"}],"wp:featuredmedia":[{"embeddable":true,"href":"https:\/\/ucnoqta.az\/index.php?rest_route=\/wp\/v2\/media\/251278"}],"wp:attachment":[{"href":"https:\/\/ucnoqta.az\/index.php?rest_route=%2Fwp%2Fv2%2Fmedia&parent=179086"}],"wp:term":[{"taxonomy":"category","embeddable":true,"href":"https:\/\/ucnoqta.az\/index.php?rest_route=%2Fwp%2Fv2%2Fcategories&post=179086"},{"taxonomy":"post_tag","embeddable":true,"href":"https:\/\/ucnoqta.az\/index.php?rest_route=%2Fwp%2Fv2%2Ftags&post=179086"}],"curies":[{"name":"wp","href":"https:\/\/api.w.org\/{rel}","templated":true}]}}