{"id":179083,"date":"2023-06-09T22:19:06","date_gmt":"2023-06-09T18:19:06","guid":{"rendered":""},"modified":"-0001-11-30T00:00:00","modified_gmt":"-0001-11-29T20:00:00","slug":"","status":"publish","type":"post","link":"https:\/\/ucnoqta.az\/?p=179083","title":{"rendered":"Tramp v\u0259 onun k\u00f6m\u0259k\u00e7isi 38 madd\u0259 il\u0259 ittiham olunur &#8211;"},"content":{"rendered":"<p><strong>Tramp v\u0259 onun k&ouml;m\u0259k&ccedil;isi m\u0259xfi s\u0259n\u0259dl\u0259r i\u015find\u0259 38 madd\u0259 il\u0259 ittiham olunur<\/strong><\/p>\n<p>Ucnoqta.az xarici m\u0259tbuata istinad\u0259n x\u0259b\u0259r verir ki, iddianam\u0259d\u0259 deyilir ki, AB\u015e-\u0131n ke&ccedil;mi\u015f prezidenti Donald Tramp v\u0259 onun k&ouml;m\u0259k&ccedil;isi m\u0259xfi s\u0259n\u0259dl\u0259rl\u0259 ba\u011fl\u0131 38 madd\u0259 il\u0259 ittiham olunur. Trampa qar\u015f\u0131 ir\u0259li s&uuml;r&uuml;l\u0259n ittihamlar 20 il\u0259 q\u0259d\u0259r h\u0259bs c\u0259zas\u0131 il\u0259 yana\u015f\u0131, c\u0259rim\u0259l\u0259ri d\u0259 n\u0259z\u0259rd\u0259 tutur.<\/p>\n<p>Trampa qar\u015f\u0131 ir\u0259li s&uuml;r&uuml;l\u0259n ittihamlar\u0131n c\u0259zas\u0131na d&ouml;vl\u0259t v\u0259zif\u0259sind\u0259 i\u015fl\u0259m\u0259k qada\u011fas\u0131 daxil deyil.<\/p>\n","protected":false},"excerpt":{"rendered":"<p>Tramp v\u0259 onun k&ouml;m\u0259k&ccedil;isi m\u0259xfi s\u0259n\u0259dl\u0259r i\u015find\u0259 38 madd\u0259 il\u0259 ittiham olunur Ucnoqta.az xarici m\u0259tbuata istinad\u0259n x\u0259b\u0259r verir ki, iddianam\u0259d\u0259 deyilir ki, AB\u015e-\u0131n ke&ccedil;mi\u015f prezidenti Donald Tramp v\u0259 onun k&ouml;m\u0259k&ccedil;isi&hellip;<\/p>\n","protected":false},"author":1,"featured_media":251278,"comment_status":"open","ping_status":"open","sticky":false,"template":"","format":"standard","meta":{"_lmt_disableupdate":"","_lmt_disable":"","footnotes":""},"categories":[89],"tags":[],"class_list":["post-179083","post","type-post","status-publish","format-standard","has-post-thumbnail","hentry","category-dunya-butun-xeberler"],"_links":{"self":[{"href":"https:\/\/ucnoqta.az\/index.php?rest_route=\/wp\/v2\/posts\/179083","targetHints":{"allow":["GET"]}}],"collection":[{"href":"https:\/\/ucnoqta.az\/index.php?rest_route=\/wp\/v2\/posts"}],"about":[{"href":"https:\/\/ucnoqta.az\/index.php?rest_route=\/wp\/v2\/types\/post"}],"author":[{"embeddable":true,"href":"https:\/\/ucnoqta.az\/index.php?rest_route=\/wp\/v2\/users\/1"}],"replies":[{"embeddable":true,"href":"https:\/\/ucnoqta.az\/index.php?rest_route=%2Fwp%2Fv2%2Fcomments&post=179083"}],"version-history":[{"count":0,"href":"https:\/\/ucnoqta.az\/index.php?rest_route=\/wp\/v2\/posts\/179083\/revisions"}],"wp:featuredmedia":[{"embeddable":true,"href":"https:\/\/ucnoqta.az\/index.php?rest_route=\/wp\/v2\/media\/251278"}],"wp:attachment":[{"href":"https:\/\/ucnoqta.az\/index.php?rest_route=%2Fwp%2Fv2%2Fmedia&parent=179083"}],"wp:term":[{"taxonomy":"category","embeddable":true,"href":"https:\/\/ucnoqta.az\/index.php?rest_route=%2Fwp%2Fv2%2Fcategories&post=179083"},{"taxonomy":"post_tag","embeddable":true,"href":"https:\/\/ucnoqta.az\/index.php?rest_route=%2Fwp%2Fv2%2Ftags&post=179083"}],"curies":[{"name":"wp","href":"https:\/\/api.w.org\/{rel}","templated":true}]}}