{"id":179075,"date":"2023-06-09T20:00:06","date_gmt":"2023-06-09T16:00:06","guid":{"rendered":""},"modified":"-0001-11-30T00:00:00","modified_gmt":"-0001-11-29T20:00:00","slug":"","status":"publish","type":"post","link":"https:\/\/ucnoqta.az\/?p=179075","title":{"rendered":"\u015eahin Diniyev onu &#8220;S\u0259bail&#8221;d\u0259 g\u00f6rm\u0259k ist\u0259mir"},"content":{"rendered":"<p><strong>&quot;S\u0259bail&quot;d\u0259 daha bir ayr\u0131l\u0131q ya\u015fana bil\u0259r.<\/strong><\/p>\n<p>&nbsp;Son g&uuml;nl\u0259r komandan\u0131n bir ne&ccedil;\u0259 &uuml;zv&uuml;n\u0259 qap\u0131n\u0131 g&ouml;st\u0259r\u0259n &quot;d\u0259niz&ccedil;il\u0259r&quot; yar\u0131mm&uuml;dafi\u0259&ccedil;i Rahid \u018fmirquliyevl\u0259 d\u0259 yollar\u0131n\u0131 ay\u0131ra bil\u0259r.<\/p>\n<p>Offsideplus.az-\u0131n \u0259ld\u0259 etdiyi m\u0259lumata g&ouml;r\u0259, paytaxt t\u0259msil&ccedil;isinin ba\u015f m\u0259\u015fq&ccedil;isi \u015eahin Diniyevin 33 ya\u015fl\u0131 futbol&ccedil;u il\u0259 m&uuml;nasib\u0259tl\u0259ri korlan\u0131b.<\/p>\n<p>M&uuml;t\u0259x\u0259ssisl\u0259 ulduzu bar\u0131\u015fmayan t\u0259cr&uuml;b\u0259li isim yax\u0131n g&uuml;nl\u0259rd\u0259 &quot;S\u0259bail&quot;i t\u0259rk ed\u0259 bil\u0259r.&nbsp;<\/p>\n<p>Bildir\u0259k ki. Rahidin &quot;d\u0259niz&ccedil;il\u0259r&quot;l\u0259 m&uuml;qavil\u0259sinin m&uuml;dd\u0259ti bu ay\u0131n sonunda ba\u015fa &ccedil;at\u0131r.<\/p>\n","protected":false},"excerpt":{"rendered":"<p>&quot;S\u0259bail&quot;d\u0259 daha bir ayr\u0131l\u0131q ya\u015fana bil\u0259r. &nbsp;Son g&uuml;nl\u0259r komandan\u0131n bir ne&ccedil;\u0259 &uuml;zv&uuml;n\u0259 qap\u0131n\u0131 g&ouml;st\u0259r\u0259n &quot;d\u0259niz&ccedil;il\u0259r&quot; yar\u0131mm&uuml;dafi\u0259&ccedil;i Rahid \u018fmirquliyevl\u0259 d\u0259 yollar\u0131n\u0131 ay\u0131ra bil\u0259r. Offsideplus.az-\u0131n \u0259ld\u0259 etdiyi m\u0259lumata g&ouml;r\u0259, paytaxt t\u0259msil&ccedil;isinin ba\u015f&hellip;<\/p>\n","protected":false},"author":1,"featured_media":251278,"comment_status":"open","ping_status":"open","sticky":false,"template":"","format":"standard","meta":{"_lmt_disableupdate":"","_lmt_disable":"","footnotes":""},"categories":[90],"tags":[],"class_list":["post-179075","post","type-post","status-publish","format-standard","has-post-thumbnail","hentry","category-idman-butun-xeberler"],"_links":{"self":[{"href":"https:\/\/ucnoqta.az\/index.php?rest_route=\/wp\/v2\/posts\/179075","targetHints":{"allow":["GET"]}}],"collection":[{"href":"https:\/\/ucnoqta.az\/index.php?rest_route=\/wp\/v2\/posts"}],"about":[{"href":"https:\/\/ucnoqta.az\/index.php?rest_route=\/wp\/v2\/types\/post"}],"author":[{"embeddable":true,"href":"https:\/\/ucnoqta.az\/index.php?rest_route=\/wp\/v2\/users\/1"}],"replies":[{"embeddable":true,"href":"https:\/\/ucnoqta.az\/index.php?rest_route=%2Fwp%2Fv2%2Fcomments&post=179075"}],"version-history":[{"count":0,"href":"https:\/\/ucnoqta.az\/index.php?rest_route=\/wp\/v2\/posts\/179075\/revisions"}],"wp:featuredmedia":[{"embeddable":true,"href":"https:\/\/ucnoqta.az\/index.php?rest_route=\/wp\/v2\/media\/251278"}],"wp:attachment":[{"href":"https:\/\/ucnoqta.az\/index.php?rest_route=%2Fwp%2Fv2%2Fmedia&parent=179075"}],"wp:term":[{"taxonomy":"category","embeddable":true,"href":"https:\/\/ucnoqta.az\/index.php?rest_route=%2Fwp%2Fv2%2Fcategories&post=179075"},{"taxonomy":"post_tag","embeddable":true,"href":"https:\/\/ucnoqta.az\/index.php?rest_route=%2Fwp%2Fv2%2Ftags&post=179075"}],"curies":[{"name":"wp","href":"https:\/\/api.w.org\/{rel}","templated":true}]}}