{"id":179068,"date":"2023-06-09T18:29:46","date_gmt":"2023-06-09T14:29:46","guid":{"rendered":""},"modified":"-0001-11-30T00:00:00","modified_gmt":"-0001-11-29T20:00:00","slug":"","status":"publish","type":"post","link":"https:\/\/ucnoqta.az\/?p=179068","title":{"rendered":"\u201cOfeliya h\u0259yat yolda\u015f\u0131 Siyavu\u015f Aslandan intiqam almaq ist\u0259yirdi\u201d &#8211;"},"content":{"rendered":"<p><strong>&ldquo;Siyavu\u015f Aslan\u0131n b&ouml;y&uuml;k bir s\u0259hvi olmu\u015fdu. O, teatrda &ccedil;al\u0131\u015fan bir aktrisa il\u0259 yax\u0131nl\u0131q etmi\u015fdi. Bunu da onun h\u0259yat yolda\u015f\u0131 \u018fm\u0259kdar artist Ofeliya Aslan bilmi\u015fdi. Ofeliya h\u0259min aktrisa il\u0259 s\u0259hn\u0259y\u0259 &ccedil;\u0131x\u0131rd\u0131. T\u0259r\u0259f m&uuml;qabili idi. M\u0259s\u0259l\u0259 b&ouml;y&uuml;d&uuml; v\u0259 onlar bo\u015fanmaq h\u0259ddin\u0259 g\u0259lib &ccedil;atd\u0131lar. Ondan sonra is\u0259 Ofeliya Siyavu\u015fu ba\u011f\u0131\u015flamad\u0131&rdquo;.<\/strong><\/p>\n<p>Bizim.Media x\u0259b\u0259r verir ki, bu s&ouml;zl\u0259ri \u018fm\u0259kdar artist K&uuml;bra \u018fliyeva qonaq oldu\u011fu verili\u015fl\u0259rd\u0259n birind\u0259 deyib.<\/p>\n<p>Aktrisa Siyavu\u015f v\u0259 Ofeliya c&uuml;tl&uuml;y&uuml;n&uuml;n aras\u0131na gir\u0259n h\u0259mkar\u0131n\u0131n d&uuml;nyas\u0131n\u0131 d\u0259yi\u015fdiyini bildirib:<\/p>\n<p>&ldquo;O aktrisa da d&uuml;nyas\u0131n\u0131 d\u0259yi\u015fib. Bizd\u0259 bel\u0259 deyim var ki, torpaqlar x\u0259b\u0259r aparmas\u0131n. Amma g\u0259r\u0259k o aktrisa Siyavu\u015fla yax\u0131nl\u0131q etm\u0259zdi. O ail\u0259y\u0259 g\u0259r\u0259k o z\u0259rb\u0259ni vurmazd\u0131.<\/p>\n<p>Bir g&uuml;n is\u0259 Siyavu\u015fun bir m&uuml;\u011f\u0259nni il\u0259 yax\u0131nl\u0131q etm\u0259si il\u0259 ba\u011fl\u0131 s&ouml;hb\u0259ti &ccedil;\u0131xd\u0131. Guya Siyavu\u015f h\u0259min qad\u0131n m&uuml;\u011f\u0259nni il\u0259 ya\u015fay\u0131r. M\u0259n bunu g&ouml;rm\u0259dim, hiss etm\u0259dim. G&uuml;nl\u0259rin bir g&uuml;n&uuml; &ldquo;Ni\u015fanl\u0131 q\u0131z&rdquo; tama\u015fas\u0131n\u0131n Akademik Milli Dram Teatr\u0131nda m\u0259\u015fqin\u0259 gedirdik. O zamanlar &ldquo;Jiquli&rdquo; markal\u0131 avtomobilim vard\u0131. Siyavu\u015fu ma\u015f\u0131n\u0131mda m\u0259\u015fq\u0259 apar\u0131rd\u0131m. Ondan soru\u015fdum ki, bel\u0259 bir s&ouml;z-s&ouml;hb\u0259t var. Siyavu\u015f cavab verdi ki, &ldquo;\u018fg\u0259r des\u0259l\u0259r ki, Siyavu\u015f K&uuml;bra il\u0259 g&ouml;r&uuml;\u015f&uuml;r, dey\u0259r\u0259m ki, s\u0259nin ma\u015f\u0131n\u0131nda gedir\u0259m d\u0259, g&ouml;rd&uuml;l\u0259r bizi. Amma inan Allaha, atam\u0131n goru haqq\u0131, o xan\u0131m m&uuml;\u011f\u0259nni&nbsp;b\u0259lk\u0259 n\u0259 zamansa m\u0259n\u0259 salam verib gedib. Amma el\u0259 bir \u015fey yoxdur&rdquo;.<\/p>\n<p>\u018fm\u0259kdar artistin s&ouml;zl\u0259rin\u0259 g&ouml;r\u0259, Ofeliya Aslan h\u0259yat yolda\u015f\u0131 Siyavu\u015f Aslan\u0131n aktrisa il\u0259 yax\u0131nl\u0131\u011f\u0131n\u0131 ba\u011f\u0131\u015flamad\u0131\u011f\u0131n\u0131 v\u0259 ondan intiqam almaq hiss il\u0259 ya\u015fad\u0131\u011f\u0131n\u0131 a&ccedil;\u0131qlay\u0131b:<\/p>\n<p>&ldquo;Ofeliya bunlardan sonra &ccedil;ox d\u0259yi\u015fdi. O ancaq intiqam almaq ist\u0259yirdi. Ofeliya onu ba\u011f\u0131\u015flamaq ist\u0259m\u0259di. \u0130ll\u0259r ke&ccedil;di bu \u015feyl\u0259r onun i&ccedil;ind\u0259 b&ouml;y&uuml;d&uuml;, sonra da Ofeliyan\u0131n b&uuml;t&uuml;n sinir sistemini pozdu. Art\u0131q Ofeliyada b\u0259zi olaylar ba\u015flad\u0131. Biz bunu Siyavu\u015fa he&ccedil; c&uuml;r dey\u0259 bilmirdik. Bilirsiniz, Siyavu\u015f Ofeliya Psixiatriya X\u0259st\u0259xanas\u0131na yerl\u0259\u015fdiril\u0259nd\u0259 nec\u0259 a\u011flay\u0131rd\u0131? Siyavu\u015f asfalt\u0131n &uuml;st&uuml;nd\u0259 yerimirdi, sanki o havada g\u0259zirdi. \u0130nsan\u0131n bel\u0259 bir hal\u0131 olur, he&ccedil; kimi g&ouml;rm&uuml;rs\u0259n, he&ccedil; kim\u0259 salam verm\u0259k ist\u0259mirs\u0259n.<\/p>\n<p>O, &ccedil;ox pis halda idi. Ofeliya Siyavu\u015fu ba\u011f\u0131\u015flamad\u0131. Amma Siyavu\u015fa bu add\u0131m\u0131 atma\u011fa m\u0259sl\u0259h\u0259t verdil\u0259r. Siyavu\u015f getdi h\u0259kiml\u0259rl\u0259 dan\u0131\u015fd\u0131. Ofeliyaya yard\u0131m etm\u0259k ist\u0259di. Amma Ofeliya bunu da s\u0259hv ba\u015fa d&uuml;\u015fd&uuml;&rdquo;.<\/p>\n<p>Qeyd ed\u0259k ki, Ofeliya Aslan 18 may 2010-cu ild\u0259 2 illik x\u0259st\u0259likd\u0259n sonra 71 ya\u015f\u0131nda&nbsp;d&uuml;nyas\u0131n\u0131 d\u0259yi\u015fib. O, Yasamal q\u0259biristanl\u0131\u011f\u0131nda d\u0259fn olunub.<\/p>\n<p>Siyavu\u015f Aslan is\u0259 uzun s&uuml;r\u0259n x\u0259st\u0259likd\u0259n sonra 27 iyun 2013-c&uuml; ild\u0259 Bak\u0131da v\u0259fat edib, II F\u0259xri xiyabanda d\u0259fn olunub. Onlar\u0131n o\u011flu &Ccedil;ingiz Aslanov is\u0259 bu ilin aprelin 29-da v\u0259fat edib v\u0259 may\u0131n 6-da&nbsp;Yasamal q\u0259biristanl\u0131\u011f\u0131nda anas\u0131n\u0131n yan\u0131nda d\u0259fn olunub.<\/p>\n<p><iframe allow=\"autoplay; encrypted-media\" allowfullscreen=\"\" frameborder=\"0\" height=\"315\" src=\"https:\/\/baku.tv\/embed\/85856\" width=\"560\"><\/iframe><\/p>\n","protected":false},"excerpt":{"rendered":"<p>&ldquo;Siyavu\u015f Aslan\u0131n b&ouml;y&uuml;k bir s\u0259hvi olmu\u015fdu. O, teatrda &ccedil;al\u0131\u015fan bir aktrisa il\u0259 yax\u0131nl\u0131q etmi\u015fdi. Bunu da onun h\u0259yat yolda\u015f\u0131 \u018fm\u0259kdar artist Ofeliya Aslan bilmi\u015fdi. Ofeliya h\u0259min aktrisa il\u0259 s\u0259hn\u0259y\u0259 &ccedil;\u0131x\u0131rd\u0131.&hellip;<\/p>\n","protected":false},"author":1,"featured_media":251278,"comment_status":"open","ping_status":"open","sticky":false,"template":"","format":"standard","meta":{"_lmt_disableupdate":"","_lmt_disable":"","footnotes":""},"categories":[102],"tags":[],"class_list":["post-179068","post","type-post","status-publish","format-standard","has-post-thumbnail","hentry","category-medeniyyet-butun-xeberler"],"_links":{"self":[{"href":"https:\/\/ucnoqta.az\/index.php?rest_route=\/wp\/v2\/posts\/179068","targetHints":{"allow":["GET"]}}],"collection":[{"href":"https:\/\/ucnoqta.az\/index.php?rest_route=\/wp\/v2\/posts"}],"about":[{"href":"https:\/\/ucnoqta.az\/index.php?rest_route=\/wp\/v2\/types\/post"}],"author":[{"embeddable":true,"href":"https:\/\/ucnoqta.az\/index.php?rest_route=\/wp\/v2\/users\/1"}],"replies":[{"embeddable":true,"href":"https:\/\/ucnoqta.az\/index.php?rest_route=%2Fwp%2Fv2%2Fcomments&post=179068"}],"version-history":[{"count":0,"href":"https:\/\/ucnoqta.az\/index.php?rest_route=\/wp\/v2\/posts\/179068\/revisions"}],"wp:featuredmedia":[{"embeddable":true,"href":"https:\/\/ucnoqta.az\/index.php?rest_route=\/wp\/v2\/media\/251278"}],"wp:attachment":[{"href":"https:\/\/ucnoqta.az\/index.php?rest_route=%2Fwp%2Fv2%2Fmedia&parent=179068"}],"wp:term":[{"taxonomy":"category","embeddable":true,"href":"https:\/\/ucnoqta.az\/index.php?rest_route=%2Fwp%2Fv2%2Fcategories&post=179068"},{"taxonomy":"post_tag","embeddable":true,"href":"https:\/\/ucnoqta.az\/index.php?rest_route=%2Fwp%2Fv2%2Ftags&post=179068"}],"curies":[{"name":"wp","href":"https:\/\/api.w.org\/{rel}","templated":true}]}}