{"id":179063,"date":"2023-06-09T17:38:27","date_gmt":"2023-06-09T13:38:27","guid":{"rendered":""},"modified":"-0001-11-30T00:00:00","modified_gmt":"-0001-11-29T20:00:00","slug":"","status":"publish","type":"post","link":"https:\/\/ucnoqta.az\/?p=179063","title":{"rendered":"Az\u0259r \u0130srafilov h\u0259bsd\u0259 intihara c\u0259hd edib?\u00a0&#8211;"},"content":{"rendered":"<p><strong>H\u0259bsd\u0259 olan jurnalist Az\u0259r \u0130srafilovun damarlar\u0131n\u0131 k\u0259s\u0259r\u0259k &ouml;z&uuml;n\u0259 x\u0259sar\u0259t yetirm\u0259si bar\u0259d\u0259 m\u0259lumatlar yay\u0131l\u0131b.<\/strong><\/p>\n<p>&ldquo;Qafqazinfo&rdquo;nun m\u0259lumat\u0131na g&ouml;r\u0259, bu bar\u0259d\u0259 jurnalistin anas\u0131 Zenfira \u0130srafilova a&ccedil;\u0131qlama verib. O, o\u011flunun 2 il 8 ayd\u0131r h\u0259bsd\u0259 oldu\u011funu, bu il may ay\u0131n\u0131n 13-d\u0259 v\u0259ziyy\u0259ti pisl\u0259\u015fdiyi &uuml;&ccedil;&uuml;n 7 sayl\u0131 c\u0259za&ccedil;\u0259km\u0259 m&uuml;\u0259ssis\u0259sind\u0259n M&uuml;alic\u0259 M&uuml;\u0259ssis\u0259sin\u0259 k&ouml;&ccedil;&uuml;r&uuml;ld&uuml;y&uuml;n&uuml; deyib. Z.\u0130srafilovan\u0131n iddias\u0131na g&ouml;r\u0259, daha sonra o\u011flu m&uuml;alic\u0259 olunmadan yenid\u0259n c\u0259za&ccedil;\u0259km\u0259 m&uuml;\u0259ssis\u0259sin\u0259 qaytar\u0131l\u0131b.<\/p>\n<p>M\u0259s\u0259l\u0259 il\u0259 ba\u011fl\u0131 \u018fdliyy\u0259 Nazirliyi il\u0259 \u0259laq\u0259 saxlad\u0131q. Penitensiar Xidm\u0259tin \u0130ctimaiyy\u0259tl\u0259 \u0259laq\u0259l\u0259r \u015f&ouml;b\u0259sind\u0259n &ldquo;Qafqazinfo&rdquo;nun sor\u011fusuna cavab olaraq bildirilib ki, A.\u0130srafilovun anas\u0131n\u0131n intihara c\u0259hdl\u0259 ba\u011fl\u0131 dedikl\u0259ri h\u0259qiq\u0259ti \u0259ks etdirmir:&nbsp;&ldquo;M\u0259hbus s\u0259hh\u0259ti il\u0259 \u0259laq\u0259dar Penitensiar xidm\u0259tin M&uuml;alic\u0259 m&uuml;\u0259ssis\u0259sin\u0259 k&ouml;&ccedil;&uuml;r&uuml;l&uuml;b, m&uuml;alic\u0259 m&uuml;dd\u0259ti bitdikd\u0259n sonra c\u0259za &ccedil;\u0259kdiyi m&uuml;\u0259ssis\u0259y\u0259 geri qaytar\u0131l\u0131b. T\u0259krar m&uuml;alic\u0259y\u0259 ehtiyac\u0131 olarsa, yen\u0259 d\u0259 bax\u0131la bil\u0259r&rdquo;.<\/p>\n<p>Qeyd ed\u0259k ki,&nbsp;Az\u0259r \u0130srafilovun anas\u0131 \u018fdliyy\u0259 Nazirliyi, nazirliyin Tibb Ba\u015f -\u0130dar\u0259si, Penitensiar Xidm\u0259t v\u0259 Ombudsmana m&uuml;raci\u0259t ed\u0259r\u0259k o\u011flunun x\u0259st\u0259liyi il\u0259 ba\u011fl\u0131 t\u0259dbirl\u0259rin g&ouml;r&uuml;lm\u0259sini d\u0259 xahi\u015f edib. A.\u0130srafilov m&uuml;xt\u0259lif vaxtlarda ANS, \u0130TV kanallar\u0131nda &ccedil;al\u0131\u015f\u0131b.<\/p>\n<p>Xat\u0131rladaq ki, jurnalist d\u0259l\u0259duzluq v\u0259 d&ouml;vl\u0259t s\u0259rh\u0259ddini qanunsuz ke&ccedil;m\u0259y\u0259 c\u0259hd g&ouml;st\u0259rm\u0259kd\u0259 t\u0259qsirl\u0259ndiril\u0259r\u0259k h\u0259bs edilib.<\/p>\n","protected":false},"excerpt":{"rendered":"<p>H\u0259bsd\u0259 olan jurnalist Az\u0259r \u0130srafilovun damarlar\u0131n\u0131 k\u0259s\u0259r\u0259k &ouml;z&uuml;n\u0259 x\u0259sar\u0259t yetirm\u0259si bar\u0259d\u0259 m\u0259lumatlar yay\u0131l\u0131b. &ldquo;Qafqazinfo&rdquo;nun m\u0259lumat\u0131na g&ouml;r\u0259, bu bar\u0259d\u0259 jurnalistin anas\u0131 Zenfira \u0130srafilova a&ccedil;\u0131qlama verib. O, o\u011flunun 2 il 8 ayd\u0131r&hellip;<\/p>\n","protected":false},"author":1,"featured_media":251278,"comment_status":"open","ping_status":"open","sticky":false,"template":"","format":"standard","meta":{"_lmt_disableupdate":"","_lmt_disable":"","footnotes":""},"categories":[101],"tags":[],"class_list":["post-179063","post","type-post","status-publish","format-standard","has-post-thumbnail","hentry","category-cemiyyet"],"_links":{"self":[{"href":"https:\/\/ucnoqta.az\/index.php?rest_route=\/wp\/v2\/posts\/179063","targetHints":{"allow":["GET"]}}],"collection":[{"href":"https:\/\/ucnoqta.az\/index.php?rest_route=\/wp\/v2\/posts"}],"about":[{"href":"https:\/\/ucnoqta.az\/index.php?rest_route=\/wp\/v2\/types\/post"}],"author":[{"embeddable":true,"href":"https:\/\/ucnoqta.az\/index.php?rest_route=\/wp\/v2\/users\/1"}],"replies":[{"embeddable":true,"href":"https:\/\/ucnoqta.az\/index.php?rest_route=%2Fwp%2Fv2%2Fcomments&post=179063"}],"version-history":[{"count":0,"href":"https:\/\/ucnoqta.az\/index.php?rest_route=\/wp\/v2\/posts\/179063\/revisions"}],"wp:featuredmedia":[{"embeddable":true,"href":"https:\/\/ucnoqta.az\/index.php?rest_route=\/wp\/v2\/media\/251278"}],"wp:attachment":[{"href":"https:\/\/ucnoqta.az\/index.php?rest_route=%2Fwp%2Fv2%2Fmedia&parent=179063"}],"wp:term":[{"taxonomy":"category","embeddable":true,"href":"https:\/\/ucnoqta.az\/index.php?rest_route=%2Fwp%2Fv2%2Fcategories&post=179063"},{"taxonomy":"post_tag","embeddable":true,"href":"https:\/\/ucnoqta.az\/index.php?rest_route=%2Fwp%2Fv2%2Ftags&post=179063"}],"curies":[{"name":"wp","href":"https:\/\/api.w.org\/{rel}","templated":true}]}}