{"id":179051,"date":"2023-06-09T15:48:54","date_gmt":"2023-06-09T11:48:54","guid":{"rendered":""},"modified":"-0001-11-30T00:00:00","modified_gmt":"-0001-11-29T20:00:00","slug":"","status":"publish","type":"post","link":"https:\/\/ucnoqta.az\/?p=179051","title":{"rendered":"\u0130raq\u0131n \u015fimal\u0131nda 2 terror\u00e7u z\u0259r\u0259rsizl\u0259\u015fdirilib"},"content":{"rendered":"<p><strong>\u0130raq\u0131n \u015fimal\u0131nda 2 terror&ccedil;u z\u0259r\u0259rsizl\u0259\u015fdirilib<\/strong><\/p>\n<p>Ucnoqta.az x\u0259b\u0259r verir ki, bu bar\u0259d\u0259 T&uuml;rkiy\u0259 Milli M&uuml;dafi\u0259 Nazirliyi&nbsp;m\u0259lumat yay\u0131b. Bildirilir ki, \u0130raq\u0131n \u015fimal\u0131ndak\u0131 P\u0259nc\u0259-Kilit<strong>&nbsp;<\/strong>b&ouml;lg\u0259sind\u0259 a\u015fkarlanan 2 PKK terror&ccedil;usunun z\u0259r\u0259rsizl\u0259\u015fdirilib.<\/p>\n<p>&quot;Mehmet&ccedil;ik \u0130raq\u0131n \u015fimal\u0131n\u0131 terror&ccedil;ulara darald\u0131r. P\u0259nc\u0259-Kilit b&ouml;lg\u0259sind\u0259 a\u015fkarlanan 2 PKK terror&ccedil;usu H\u0259rbi Hava Q&uuml;vv\u0259l\u0259rimiz t\u0259r\u0259find\u0259n z\u0259r\u0259rsizl\u0259\u015fdirilib. T&uuml;rk Silahl\u0131 Q&uuml;vv\u0259l\u0259rimiz son terror&ccedil;u z\u0259r\u0259rsizl\u0259\u015fdiril\u0259n\u0259 q\u0259d\u0259r \u0259m\u0259liyyatlar\u0131 \u0259zml\u0259 davam etdir\u0259c\u0259k&quot; &#8211; nazirliyin yayd\u0131\u011f\u0131 m\u0259lumatda deyilir.<\/p>\n","protected":false},"excerpt":{"rendered":"<p>\u0130raq\u0131n \u015fimal\u0131nda 2 terror&ccedil;u z\u0259r\u0259rsizl\u0259\u015fdirilib Ucnoqta.az x\u0259b\u0259r verir ki, bu bar\u0259d\u0259 T&uuml;rkiy\u0259 Milli M&uuml;dafi\u0259 Nazirliyi&nbsp;m\u0259lumat yay\u0131b. Bildirilir ki, \u0130raq\u0131n \u015fimal\u0131ndak\u0131 P\u0259nc\u0259-Kilit&nbsp;b&ouml;lg\u0259sind\u0259 a\u015fkarlanan 2 PKK terror&ccedil;usunun z\u0259r\u0259rsizl\u0259\u015fdirilib. &quot;Mehmet&ccedil;ik \u0130raq\u0131n \u015fimal\u0131n\u0131 terror&ccedil;ulara&hellip;<\/p>\n","protected":false},"author":1,"featured_media":251278,"comment_status":"open","ping_status":"open","sticky":false,"template":"","format":"standard","meta":{"_lmt_disableupdate":"","_lmt_disable":"","footnotes":""},"categories":[89],"tags":[],"class_list":["post-179051","post","type-post","status-publish","format-standard","has-post-thumbnail","hentry","category-dunya-butun-xeberler"],"_links":{"self":[{"href":"https:\/\/ucnoqta.az\/index.php?rest_route=\/wp\/v2\/posts\/179051","targetHints":{"allow":["GET"]}}],"collection":[{"href":"https:\/\/ucnoqta.az\/index.php?rest_route=\/wp\/v2\/posts"}],"about":[{"href":"https:\/\/ucnoqta.az\/index.php?rest_route=\/wp\/v2\/types\/post"}],"author":[{"embeddable":true,"href":"https:\/\/ucnoqta.az\/index.php?rest_route=\/wp\/v2\/users\/1"}],"replies":[{"embeddable":true,"href":"https:\/\/ucnoqta.az\/index.php?rest_route=%2Fwp%2Fv2%2Fcomments&post=179051"}],"version-history":[{"count":0,"href":"https:\/\/ucnoqta.az\/index.php?rest_route=\/wp\/v2\/posts\/179051\/revisions"}],"wp:featuredmedia":[{"embeddable":true,"href":"https:\/\/ucnoqta.az\/index.php?rest_route=\/wp\/v2\/media\/251278"}],"wp:attachment":[{"href":"https:\/\/ucnoqta.az\/index.php?rest_route=%2Fwp%2Fv2%2Fmedia&parent=179051"}],"wp:term":[{"taxonomy":"category","embeddable":true,"href":"https:\/\/ucnoqta.az\/index.php?rest_route=%2Fwp%2Fv2%2Fcategories&post=179051"},{"taxonomy":"post_tag","embeddable":true,"href":"https:\/\/ucnoqta.az\/index.php?rest_route=%2Fwp%2Fv2%2Ftags&post=179051"}],"curies":[{"name":"wp","href":"https:\/\/api.w.org\/{rel}","templated":true}]}}