{"id":179048,"date":"2023-06-09T15:29:58","date_gmt":"2023-06-09T11:29:58","guid":{"rendered":""},"modified":"-0001-11-30T00:00:00","modified_gmt":"-0001-11-29T20:00:00","slug":"","status":"publish","type":"post","link":"https:\/\/ucnoqta.az\/?p=179048","title":{"rendered":"Qon\u015fusunun evind\u0259n o\u011furluq ed\u0259n \u015f\u0259xs saxlan\u0131l\u0131b"},"content":{"rendered":"<p><strong>Qubada qon\u015fusunun evind\u0259n&nbsp; o\u011furluq ed\u0259n \u015f\u0259xs saxlan\u0131l\u0131b&nbsp;<\/strong><\/p>\n<p>D\u0130N M\u0259tbuat Xidm\u0259tinin Quba regional qrupundan veril\u0259n m\u0259lumata g&ouml;r\u0259, Quba Rayon Polis \u015e&ouml;b\u0259sin\u0259 rayon \u0259razisind\u0259&nbsp;o\u011furluq ba\u015f verm\u0259si bar\u0259d\u0259 m\u0259lumat daxil olub.<\/p>\n<p>Polis \u0259m\u0259kda\u015flar\u0131 t\u0259r\u0259find\u0259n hadis\u0259 yerin\u0259 bax\u0131\u015f ke&ccedil;irilib, z\u0259r\u0259r&ccedil;\u0259kmi\u015f\u0259 m\u0259xsus evd\u0259n &uuml;mumi d\u0259y\u0259ri 2850 manat olan q\u0131z\u0131l-zin\u0259t \u0259\u015fyalar\u0131n\u0131n&nbsp;o\u011furland\u0131\u011f\u0131 m&uuml;\u0259yy\u0259n edilib.<\/p>\n<p>Ke&ccedil;iril\u0259n \u0259m\u0259liyyat-axtar\u0131\u015f t\u0259dbirl\u0259ri n\u0259tic\u0259sind\u0259 \u0259m\u0259li t&ouml;r\u0259tm\u0259kd\u0259 \u015f&uuml;bh\u0259li bilin\u0259n rayonun Q\u0259&ccedil;re\u015f k\u0259nd&nbsp;sakini, \u0259vv\u0259ll\u0259r m\u0259hkum olunmu\u015f Elnur Mirzayev&nbsp;saxlan\u0131l\u0131b.&nbsp;&nbsp;<\/p>\n<p>Onun &uuml;z\u0259rin\u0259 bax\u0131\u015f ke&ccedil;iril\u0259n zaman psixotrop madd\u0259 olan metamfetamin a\u015fkar olunaraq g&ouml;t&uuml;r&uuml;l&uuml;b.<\/p>\n<p>Faktla ba\u011fl\u0131 Quba RP\u015e-d\u0259 cinay\u0259t i\u015fi ba\u015flan\u0131l\u0131b, m\u0259hk\u0259m\u0259nin q\u0259rar\u0131 il\u0259 h\u0259min \u015f\u0259xsin bar\u0259sind\u0259&nbsp; h\u0259bs q\u0259timkan t\u0259dbiri se&ccedil;ilib.<\/p>\n","protected":false},"excerpt":{"rendered":"<p>Qubada qon\u015fusunun evind\u0259n&nbsp; o\u011furluq ed\u0259n \u015f\u0259xs saxlan\u0131l\u0131b&nbsp; D\u0130N M\u0259tbuat Xidm\u0259tinin Quba regional qrupundan veril\u0259n m\u0259lumata g&ouml;r\u0259, Quba Rayon Polis \u015e&ouml;b\u0259sin\u0259 rayon \u0259razisind\u0259&nbsp;o\u011furluq ba\u015f verm\u0259si bar\u0259d\u0259 m\u0259lumat daxil olub. Polis \u0259m\u0259kda\u015flar\u0131&hellip;<\/p>\n","protected":false},"author":1,"featured_media":251278,"comment_status":"open","ping_status":"open","sticky":false,"template":"","format":"standard","meta":{"_lmt_disableupdate":"","_lmt_disable":"","footnotes":""},"categories":[],"tags":[],"class_list":["post-179048","post","type-post","status-publish","format-standard","has-post-thumbnail","hentry"],"_links":{"self":[{"href":"https:\/\/ucnoqta.az\/index.php?rest_route=\/wp\/v2\/posts\/179048","targetHints":{"allow":["GET"]}}],"collection":[{"href":"https:\/\/ucnoqta.az\/index.php?rest_route=\/wp\/v2\/posts"}],"about":[{"href":"https:\/\/ucnoqta.az\/index.php?rest_route=\/wp\/v2\/types\/post"}],"author":[{"embeddable":true,"href":"https:\/\/ucnoqta.az\/index.php?rest_route=\/wp\/v2\/users\/1"}],"replies":[{"embeddable":true,"href":"https:\/\/ucnoqta.az\/index.php?rest_route=%2Fwp%2Fv2%2Fcomments&post=179048"}],"version-history":[{"count":0,"href":"https:\/\/ucnoqta.az\/index.php?rest_route=\/wp\/v2\/posts\/179048\/revisions"}],"wp:featuredmedia":[{"embeddable":true,"href":"https:\/\/ucnoqta.az\/index.php?rest_route=\/wp\/v2\/media\/251278"}],"wp:attachment":[{"href":"https:\/\/ucnoqta.az\/index.php?rest_route=%2Fwp%2Fv2%2Fmedia&parent=179048"}],"wp:term":[{"taxonomy":"category","embeddable":true,"href":"https:\/\/ucnoqta.az\/index.php?rest_route=%2Fwp%2Fv2%2Fcategories&post=179048"},{"taxonomy":"post_tag","embeddable":true,"href":"https:\/\/ucnoqta.az\/index.php?rest_route=%2Fwp%2Fv2%2Ftags&post=179048"}],"curies":[{"name":"wp","href":"https:\/\/api.w.org\/{rel}","templated":true}]}}