{"id":179042,"date":"2023-06-09T14:48:53","date_gmt":"2023-06-09T10:48:53","guid":{"rendered":""},"modified":"-0001-11-30T00:00:00","modified_gmt":"-0001-11-29T20:00:00","slug":"","status":"publish","type":"post","link":"https:\/\/ucnoqta.az\/?p=179042","title":{"rendered":"Ali m\u0259kt\u0259bl\u0259rin proqram attestasiyas\u0131 apar\u0131lacaq &#8211;"},"content":{"rendered":"<p><strong>&quot;N&ouml;vb\u0259ti m\u0259rh\u0259l\u0259d\u0259 ali t\u0259hsil m&uuml;\u0259ssis\u0259l\u0259rinin proqram attestasiyas\u0131 apar\u0131lacaq&quot;.<\/strong><\/p>\n<p>APA&nbsp;x\u0259b\u0259r verir ki, bu bar\u0259d\u0259 T\u0259hsild\u0259 Keyfiyy\u0259t T\u0259minat\u0131 Agentliyinin s\u0259dri &Uuml;lk\u0259r S\u0259ttarova ke&ccedil;irdiyi brifinqd\u0259 m\u0259lumat verib.<\/p>\n<p>O bildirib ki, h\u0259l\u0259lik \u0259sas\u0259n institusional akkreditasiyan\u0131n apar\u0131lmas\u0131 ilkin plandad\u0131r:<\/p>\n<p>&quot;Qeyd edim ki, bizim akkreditasiya meyarlar\u0131m\u0131z\u0131n 80 faizi Avropa Akkreditasiya Agentliyinin meyarlar\u0131na uy\u011fundur, 20 faiz hiss\u0259si is\u0259 yerli standartlara uy\u011funla\u015fd\u0131r\u0131l\u0131b&quot;.<\/p>\n<p>&Uuml;lk\u0259r S\u0259ttarova deyib ki, ali t\u0259hsil m&uuml;\u0259ssis\u0259l\u0259rinin akkreditasiyas\u0131 7 istiqam\u0259t, 30 meyar v\u0259 271 indikator &uuml;zr\u0259 apar\u0131l\u0131r:<\/p>\n<p>&quot;Bu meyarlar m&uuml;\u0259ssis\u0259nin f\u0259aliyy\u0259tin\u0259 dair b&uuml;t&uuml;n sah\u0259l\u0259ri \u0259hat\u0259 edir. Burada ali t\u0259hsil m&uuml;\u0259ssis\u0259sinin t\u0259lim-t\u0259dris prosesi, elmi t\u0259dqiqat f\u0259aliyy\u0259ti, maddi-texniki bazan\u0131n hans\u0131 s\u0259viyy\u0259d\u0259 olmas\u0131, idar\u0259etm\u0259, beyn\u0259lxalq \u0259laq\u0259l\u0259r v\u0259 s. yoxlan\u0131l\u0131r&quot;.<\/p>\n","protected":false},"excerpt":{"rendered":"<p>&quot;N&ouml;vb\u0259ti m\u0259rh\u0259l\u0259d\u0259 ali t\u0259hsil m&uuml;\u0259ssis\u0259l\u0259rinin proqram attestasiyas\u0131 apar\u0131lacaq&quot;. APA&nbsp;x\u0259b\u0259r verir ki, bu bar\u0259d\u0259 T\u0259hsild\u0259 Keyfiyy\u0259t T\u0259minat\u0131 Agentliyinin s\u0259dri &Uuml;lk\u0259r S\u0259ttarova ke&ccedil;irdiyi brifinqd\u0259 m\u0259lumat verib. O bildirib ki, h\u0259l\u0259lik \u0259sas\u0259n institusional&hellip;<\/p>\n","protected":false},"author":1,"featured_media":251278,"comment_status":"open","ping_status":"open","sticky":false,"template":"","format":"standard","meta":{"_lmt_disableupdate":"","_lmt_disable":"","footnotes":""},"categories":[101],"tags":[],"class_list":["post-179042","post","type-post","status-publish","format-standard","has-post-thumbnail","hentry","category-cemiyyet"],"_links":{"self":[{"href":"https:\/\/ucnoqta.az\/index.php?rest_route=\/wp\/v2\/posts\/179042","targetHints":{"allow":["GET"]}}],"collection":[{"href":"https:\/\/ucnoqta.az\/index.php?rest_route=\/wp\/v2\/posts"}],"about":[{"href":"https:\/\/ucnoqta.az\/index.php?rest_route=\/wp\/v2\/types\/post"}],"author":[{"embeddable":true,"href":"https:\/\/ucnoqta.az\/index.php?rest_route=\/wp\/v2\/users\/1"}],"replies":[{"embeddable":true,"href":"https:\/\/ucnoqta.az\/index.php?rest_route=%2Fwp%2Fv2%2Fcomments&post=179042"}],"version-history":[{"count":0,"href":"https:\/\/ucnoqta.az\/index.php?rest_route=\/wp\/v2\/posts\/179042\/revisions"}],"wp:featuredmedia":[{"embeddable":true,"href":"https:\/\/ucnoqta.az\/index.php?rest_route=\/wp\/v2\/media\/251278"}],"wp:attachment":[{"href":"https:\/\/ucnoqta.az\/index.php?rest_route=%2Fwp%2Fv2%2Fmedia&parent=179042"}],"wp:term":[{"taxonomy":"category","embeddable":true,"href":"https:\/\/ucnoqta.az\/index.php?rest_route=%2Fwp%2Fv2%2Fcategories&post=179042"},{"taxonomy":"post_tag","embeddable":true,"href":"https:\/\/ucnoqta.az\/index.php?rest_route=%2Fwp%2Fv2%2Ftags&post=179042"}],"curies":[{"name":"wp","href":"https:\/\/api.w.org\/{rel}","templated":true}]}}