{"id":179038,"date":"2023-06-09T14:25:06","date_gmt":"2023-06-09T10:25:06","guid":{"rendered":""},"modified":"-0001-11-30T00:00:00","modified_gmt":"-0001-11-29T20:00:00","slug":"","status":"publish","type":"post","link":"https:\/\/ucnoqta.az\/?p=179038","title":{"rendered":"\u0130lham \u018fliyev \u018fl\u0259td\u0259 a\u00e7\u0131l\u0131\u015f m\u0259rasimind\u0259 i\u015ftirak edib &#8211;"},"content":{"rendered":"<p><strong>Az\u0259rbaycan Respublikas\u0131n\u0131n Prezidenti&nbsp;\u0130lham \u018fliyev&nbsp;\u018fl\u0259t Azad \u0130qtisadi Zonas\u0131n\u0131n birinci m\u0259rh\u0259l\u0259sinin a&ccedil;\u0131l\u0131\u015f m\u0259rasimind\u0259 i\u015ftirak edib.<\/strong><\/p>\n<p>Az\u0259rtac x\u0259b\u0259r verir ki, \u018fl\u0259t Azad \u0130qtisadi Zonas\u0131n\u0131n s\u0259lahiyy\u0259tli qurumunun \u0130dar\u0259 Hey\u0259tinin s\u0259dri Valeh \u018fl\u0259sg\u0259rov g&ouml;r&uuml;l\u0259n i\u015fl\u0259r bar\u0259d\u0259 d&ouml;vl\u0259timizin ba\u015f&ccedil;\u0131s\u0131na m\u0259lumat verib.<\/p>\n<p>Bildirilib ki, \u018fl\u0259t Azad \u0130qtisadi Zonas\u0131n\u0131n &uuml;mumi sah\u0259si 850 hektard\u0131r. Azad \u0130qtisadi Zonan\u0131n ilkin inki\u015faf m\u0259rh\u0259l\u0259si olan 60 hektar \u0259razid\u0259 (&ldquo;Zona 1&rdquo;, &ldquo;M\u0259rh\u0259l\u0259 1&rdquo;) tikinti i\u015fl\u0259rin\u0259 ba\u015flan\u0131l\u0131b v\u0259 bir s\u0131ra i\u015fl\u0259r g&ouml;r&uuml;l&uuml;b. Bel\u0259 ki, investorlara icar\u0259y\u0259 veril\u0259c\u0259k torpaq sah\u0259l\u0259ri in\u015faat &uuml;&ccedil;&uuml;n art\u0131q haz\u0131rd\u0131r. &Uuml;mumi sah\u0259si 297 min kvadratmetr olan torpaq sah\u0259l\u0259rinin daxilind\u0259 su, kanalizasiya, i\u015f\u0131q, qaz, rabit\u0259 \u015f\u0259b\u0259k\u0259l\u0259rin\u0259 birl\u0259\u015fm\u0259 n&ouml;qt\u0259l\u0259ri t\u0259min edilib. Burada, h\u0259m&ccedil;inin istifad\u0259y\u0259 haz\u0131r \u0259razi-daxili v\u0259 \u0259razi-xarici m&uuml;h\u0259ndis-kommunikasiya infrastrukturu yarad\u0131l\u0131b. &ldquo;Zona 1&rdquo; \u0259razisinin \u0259sas giri\u015find\u0259 g&ouml;mr&uuml;k-ke&ccedil;id m\u0259nt\u0259q\u0259l\u0259ri, h\u0259m&ccedil;inin g&ouml;mr&uuml;k yoxlan\u0131\u015flar\u0131n\u0131n apar\u0131lmas\u0131 &uuml;&ccedil;&uuml;n binalar in\u015fa olunub.<\/p>\n<p>D&ouml;vl\u0259timizin ba\u015f&ccedil;\u0131s\u0131 \u018fl\u0259t Azad \u0130qtisadi Zonas\u0131n\u0131n Biznes M\u0259rk\u0259zind\u0259 yarad\u0131lan \u015f\u0259raitl\u0259 tan\u0131\u015f olub.<\/p>\n<p>M\u0259lumat verilib ki, &uuml;mumi sah\u0259si 16 min kvadratmetr olan Biznes M\u0259rk\u0259zinin binas\u0131 3 funksional hiss\u0259d\u0259n ibar\u0259tdir. Burada \u018fl\u0259t Azad \u0130qtisadi Zonas\u0131n\u0131n S\u0259lahiyy\u0259tli Qurumunun ofisi, investorlara vahid p\u0259nc\u0259r\u0259 prinsipi il\u0259 xidm\u0259t g&ouml;st\u0259r\u0259c\u0259k ofis, investorlar\u0131n idar\u0259etm\u0259 qurumlar\u0131 &uuml;&ccedil;&uuml;n ofisl\u0259r v\u0259 t\u0259hkim olunan g&ouml;mr&uuml;k \u0259m\u0259kda\u015flar\u0131 &uuml;&ccedil;&uuml;n ofis f\u0259aliyy\u0259t g&ouml;st\u0259r\u0259c\u0259k. Biznes M\u0259rk\u0259zind\u0259 y&uuml;ks\u0259kkeyfiyy\u0259tli xidm\u0259ti t\u0259min ed\u0259c\u0259k m&uuml;vafiq infrastruktur v\u0259 maddi-texniki baza yarad\u0131l\u0131b.<\/p>\n<p>Diqq\u0259t\u0259 &ccedil;atd\u0131r\u0131l\u0131b ki, n&ouml;vb\u0259ti inki\u015faf m\u0259rh\u0259l\u0259sind\u0259 138 hektar sah\u0259ni \u0259hat\u0259 ed\u0259n standart istehsal m&uuml;\u0259ssis\u0259l\u0259ri v\u0259 logistika m\u0259rk\u0259zl\u0259ri &uuml;&ccedil;&uuml;n n\u0259z\u0259rd\u0259 tutulmu\u015f hiss\u0259d\u0259 v\u0259 eyni zamanda, 211 hektar sah\u0259ni \u0259hat\u0259 ed\u0259n a\u011f\u0131r s\u0259naye m&uuml;\u0259ssis\u0259l\u0259ri &uuml;&ccedil;&uuml;n hiss\u0259d\u0259 layih\u0259l\u0259ndirm\u0259 i\u015fl\u0259ri davam edir. N&ouml;vb\u0259ti inki\u015faf m\u0259rh\u0259l\u0259sin\u0259 aid 138 hektar sah\u0259d\u0259 torpaq i\u015fl\u0259rin\u0259 tezlikl\u0259 ba\u015flan\u0131lmas\u0131 planla\u015fd\u0131r\u0131l\u0131r.<\/p>\n<p>\u018fl\u0259t Azad \u0130qtisadi Zonas\u0131 Prezident \u0130lham \u018fliyevin Az\u0259rbaycan\u0131 beyn\u0259lxalq s\u0259viyy\u0259d\u0259 r\u0259qab\u0259t\u0259davaml\u0131 v\u0259 dayan\u0131ql\u0131, \u015fax\u0259l\u0259ndirilmi\u015f v\u0259 ixracy&ouml;n&uuml;ml&uuml; iqtisadiyyata malik bir &ouml;lk\u0259 kimi inki\u015faf etdirm\u0259y\u0259 y&ouml;n\u0259lmi\u015f siyas\u0259tinin real t\u0259m\u0259ll\u0259rind\u0259ndir. Bu layih\u0259nin icras\u0131 n\u0259tic\u0259sind\u0259 Az\u0259rbaycana daha &ccedil;ox xarici investisiyalar c\u0259lb olunacaq v\u0259 yeni i\u015f yerl\u0259ri yarad\u0131lacaq. \u018fl\u0259t Azad \u0130qtisadi Zonas\u0131n\u0131n yarad\u0131lmas\u0131 bar\u0259d\u0259 q\u0259rar 2017-ci ild\u0259, bununla ba\u011fl\u0131 m&uuml;vafiq qanun is\u0259 2018-ci ild\u0259 q\u0259bul edilib. Pandemiyan\u0131n d&uuml;nyada yaratd\u0131\u011f\u0131 b&ouml;y&uuml;k iqtisadi v\u0259 maliyy\u0259 &ccedil;\u0259tinlikl\u0259rin\u0259 baxmayaraq 2021-ci il iyulun 1-d\u0259 Prezident \u0130lham \u018fliyevin i\u015ftirak\u0131 il\u0259 \u018fl\u0259t Azad \u0130qtisadi Zonas\u0131n\u0131n t\u0259m\u0259li qoyulub.<\/p>\n<p>Bak\u0131 Beyn\u0259lxalq D\u0259niz Ticar\u0259t Liman\u0131n\u0131n yax\u0131nl\u0131\u011f\u0131nda v\u0259 qlobal n\u0259qliyyat d\u0259hlizl\u0259rinin &uuml;z\u0259rind\u0259 strateji co\u011frafi m&ouml;vqey\u0259 malik iqtisadi zonada yarad\u0131lan \u0259lveri\u015fli \u015f\u0259rait, o c&uuml;ml\u0259d\u0259n nadir qanunvericilik bazas\u0131, fiskal v\u0259 qeyri-fiskal imtiyazlar z\u0259rfi, z\u0259ruri infrastruktur v\u0259 m&uuml;h\u0259ndis-kommunikasiya sisteml\u0259ri il\u0259 t\u0259min edilmi\u015f s\u0259naye torpaq sah\u0259l\u0259ri, n\u0259qliyyat-logistika m\u0259rk\u0259zl\u0259ri v\u0259 dig\u0259r perspektivl\u0259r investorlar &uuml;&ccedil;&uuml;n davaml\u0131 regional &uuml;st&uuml;nl&uuml;k yaradacaq v\u0259 \u018fl\u0259t Azad \u0130qtisadi Zonas\u0131n\u0131 regional investisiya m\u0259rk\u0259zin\u0259 &ccedil;evir\u0259c\u0259k.<\/p>\n<p>Bildirilib ki, bu iqtisadi zonada investorlar &uuml;&ccedil;&uuml;n a\u015fa\u011f\u0131dak\u0131 fiskal v\u0259 qeyri-fiskal imtiyazlar t\u0259tbiq edilir:<\/p>\n<p>&#8211; \u0130nvestorlar \u0259lav\u0259 d\u0259y\u0259r vergisi, &ouml;d\u0259m\u0259 m\u0259nb\u0259yind\u0259 vergi, m\u0259nf\u0259\u0259t vergisi v\u0259 h\u0259r hans\u0131 dig\u0259r korporativ vergid\u0259n azadd\u0131rlar;<\/p>\n<p>&#8211; Zonada idxal v\u0259 ixrac zaman\u0131 g&ouml;mr&uuml;k r&uuml;sumlar\u0131 v\u0259 vergil\u0259r t\u0259tbiq olunmur;<\/p>\n<p>&#8211; Ayl\u0131q \u0259m\u0259khaqq\u0131 8 min manata q\u0259d\u0259r olan i\u015f&ccedil;il\u0259r &uuml;&ccedil;&uuml;n g\u0259lir vergisi t\u0259tbiq olunmur;<\/p>\n<p>&#8211; Y&uuml;ks\u0259kixtisasl\u0131 \u0259cn\u0259bi i\u015f&ccedil;il\u0259r &uuml;&ccedil;&uuml;n sosial s\u0131\u011forta &ouml;d\u0259ni\u015fl\u0259ri k&ouml;n&uuml;ll&uuml;, yerli i\u015f&ccedil;il\u0259r &uuml;&ccedil;&uuml;n is\u0259 m\u0259cburi xarakter da\u015f\u0131y\u0131r;<\/p>\n<p>&#8211; \u018fcn\u0259bi h&uuml;quqi v\u0259 fiziki \u015f\u0259xsl\u0259rin \u018fl\u0259t Azad \u0130qtisadi Zonas\u0131nda m&uuml;lkiyy\u0259t sahibi olmas\u0131na he&ccedil; bir m\u0259hdudiyy\u0259t qoyulmur;<\/p>\n<p>&#8211; Xarici investorlar &uuml;&ccedil;&uuml;n yerli t\u0259r\u0259fda\u015f v\u0259 s\u0259hmdar t\u0259l\u0259bi yoxdur;<\/p>\n<p>&#8211; Valyuta \u0259m\u0259liyyatlar\u0131 v\u0259 ya m\u0259nf\u0259\u0259tin repatriasiyas\u0131nda he&ccedil; bir m\u0259hdudiyy\u0259t yoxdur;<\/p>\n<p>&#8211; \u0130nvestorlar\u0131n \u0259mlak\u0131 he&ccedil; bir halda millil\u0259\u015fdiril\u0259 bilm\u0259z v\u0259 \u018fl\u0259t Azad \u0130qtisadi Zonas\u0131 S\u0259lahiyy\u0259tli Qurumu investorlar\u0131n \u0259mlak\u0131n\u0131 bu v\u0259 ya dig\u0259r m\u0259hdudiyy\u0259tl\u0259rd\u0259n qorunmas\u0131na t\u0259minat verir;<\/p>\n<p>&#8211; \u018fl\u0259t Azad \u0130qtisadi Zonas\u0131 S\u0259lahiyy\u0259tli Qurumu, h\u0259m&ccedil;inin investorlar\u0131n \u0259qli m&uuml;lkiyy\u0259t h&uuml;quqlar\u0131n\u0131n tam qorunmas\u0131na t\u0259minat verir.<\/p>\n<p>Bel\u0259likl\u0259, \u018fl\u0259t Azad \u0130qtisadi Zonas\u0131n\u0131n f\u0259aliyy\u0259t\u0259 ba\u015flamas\u0131 Az\u0259rbaycana b&ouml;y&uuml;k iqtisadi dividendl\u0259r qazand\u0131rmaqla yana\u015f\u0131, &ouml;lk\u0259mizin regionda m&ouml;vqel\u0259rini daha da g&uuml;cl\u0259ndir\u0259c\u0259k, \u015e\u0259rq-Q\u0259rb v\u0259 \u015eimal-C\u0259nub tranzit-n\u0259qliyyat d\u0259hlizl\u0259rind\u0259 m&uuml;h&uuml;m rolu olan respublikam\u0131z\u0131n strateji \u0259h\u0259miyy\u0259tini daha da art\u0131racaq. Bu iqtisadi zonan\u0131n yarad\u0131lmas\u0131 d&ouml;vl\u0259t g\u0259lirl\u0259rinin v\u0259 b&uuml;dc\u0259y\u0259 daxil olan v\u0259saitin artmas\u0131na, yeni investisiyalar\u0131n c\u0259lb edilm\u0259sin\u0259 \u015f\u0259rait yaradacaq. Bundan ba\u015fqa, bu layih\u0259nin icras\u0131 n\u0259tic\u0259sind\u0259 &ouml;lk\u0259mizin milli iqtisadiyyat\u0131n\u0131n d&uuml;nya iqtisadiyyat\u0131 sistemin\u0259 inteqrasiyas\u0131 s&uuml;r\u0259tl\u0259n\u0259c\u0259k.<\/p>\n<p>&nbsp;<\/p>\n<p><img decoding=\"async\" alt=\"\" src=\"https:\/\/cdn.oxu.az\/uploads\/W1siZiIsIjIwMjMvMDYvMDkvMTQvMDUvMDgvNGViODNiYWUtZWMzZC00ODhjLWE5ZDYtYzI3MmUxYWRmMWI5LzE2ODYzMDQ3ODc5NTkyMDYzNV8xMDAweDY2OS5qcGciXSxbInAiLCJlbmNvZGUiLCJqcGciLCItcXVhbGl0eSA4MCJdLFsicCIsInRodW1iIiwiNTkweDU5MFx1MDAzZSJdXQ?sha=b43e8e367496ccc0\" \/><\/p>\n<p><img decoding=\"async\" alt=\"\" src=\"https:\/\/cdn.oxu.az\/uploads\/W1siZiIsIjIwMjMvMDYvMDkvMTQvMDUvMDgvNTMxM2QzMmQtZGVkMi00MTkxLWIwNDAtNmI1NDVhYmU0M2VmLzE2ODYzMDQ3ODcxODI0NzYyMTNfMTAwMHg2NjkuanBnIl0sWyJwIiwiZW5jb2RlIiwianBnIiwiLXF1YWxpdHkgODAiXSxbInAiLCJ0aHVtYiIsIjU5MHg1OTBcdTAwM2UiXV0?sha=1f2e400adf48cb16\" \/><\/p>\n<p><img decoding=\"async\" alt=\"\" src=\"https:\/\/cdn.oxu.az\/uploads\/W1siZiIsIjIwMjMvMDYvMDkvMTQvMDUvMDgvYTgwMmJmZjUtZWJjOS00NzVlLWI1NzAtMWY1YmUyOWJhNjJkLzE2ODYzMDQ3ODcyMDI1NjQxMDMyXzEwMDB4NjY5LmpwZyJdLFsicCIsImVuY29kZSIsImpwZyIsIi1xdWFsaXR5IDgwIl0sWyJwIiwidGh1bWIiLCI1OTB4NTkwXHUwMDNlIl1d?sha=b7221fe4dcfeb874\" \/><\/p>\n<p><img decoding=\"async\" alt=\"\" src=\"https:\/\/cdn.oxu.az\/uploads\/W1siZiIsIjIwMjMvMDYvMDkvMTQvMDUvMDgvODg2NmNjYTktZjZiMy00MGM4LWJlMzQtOGMzZWIyYmZkZmE5LzE2ODYzMDQ3ODcyMzk2NDEzMzY0XzEwMDB4NjY5LmpwZyJdLFsicCIsImVuY29kZSIsImpwZyIsIi1xdWFsaXR5IDgwIl0sWyJwIiwidGh1bWIiLCI1OTB4NTkwXHUwMDNlIl1d?sha=e33c3acd1f19889f\" \/><\/p>\n<p><img decoding=\"async\" alt=\"\" src=\"https:\/\/cdn.oxu.az\/uploads\/W1siZiIsIjIwMjMvMDYvMDkvMTQvMDUvMDgvZTM3NTFkODAtMWUyOS00YTU1LWE2YTAtNGRmYjI0MDE2OTc5LzE2ODYzMDQ3ODc0MjMwMDIwNjdfMTAwMHg2NjkuanBnIl0sWyJwIiwiZW5jb2RlIiwianBnIiwiLXF1YWxpdHkgODAiXSxbInAiLCJ0aHVtYiIsIjU5MHg1OTBcdTAwM2UiXV0?sha=e0d2b161fc5fe378\" \/><\/p>\n<p><img decoding=\"async\" alt=\"\" src=\"https:\/\/cdn.oxu.az\/uploads\/W1siZiIsIjIwMjMvMDYvMDkvMTQvMDUvMDkvYjY3MzY0YWMtMmNjMy00ZGVjLTlmNTktOTJkNzNjNmJhZjdmLzE2ODYzMDQ3ODc1MjIyMDM1MTA4XzEwMDB4NjY5LmpwZyJdLFsicCIsImVuY29kZSIsImpwZyIsIi1xdWFsaXR5IDgwIl0sWyJwIiwidGh1bWIiLCI1OTB4NTkwXHUwMDNlIl1d?sha=1f06c32714caaf73\" \/><\/p>\n<p><img decoding=\"async\" alt=\"\" src=\"https:\/\/cdn.oxu.az\/uploads\/W1siZiIsIjIwMjMvMDYvMDkvMTQvMDUvMDkvODk3OWI5NGItM2VkOS00NzQwLWE5NWYtOGMyYTEwOTNlZjI2LzE2ODYzMDQ3ODc2MzU4NTgwOTVfMTAwMHg2NjkuanBnIl0sWyJwIiwiZW5jb2RlIiwianBnIiwiLXF1YWxpdHkgODAiXSxbInAiLCJ0aHVtYiIsIjU5MHg1OTBcdTAwM2UiXV0?sha=0cacfa45d37b1adb\" \/><\/p>\n<p><img decoding=\"async\" alt=\"\" src=\"https:\/\/cdn.oxu.az\/uploads\/W1siZiIsIjIwMjMvMDYvMDkvMTQvMDUvMDkvNDZlZTBkNjEtMTNiNS00MTRjLWFmZjMtMTMxMzU3MTEzYTVjLzE2ODYzMDQ3ODgyMjM2MzY5MDRfMTAwMHg2NjkuanBnIl0sWyJwIiwiZW5jb2RlIiwianBnIiwiLXF1YWxpdHkgODAiXSxbInAiLCJ0aHVtYiIsIjU5MHg1OTBcdTAwM2UiXV0?sha=18acbeef4056d907\" \/><\/p>\n","protected":false},"excerpt":{"rendered":"<p>Az\u0259rbaycan Respublikas\u0131n\u0131n Prezidenti&nbsp;\u0130lham \u018fliyev&nbsp;\u018fl\u0259t Azad \u0130qtisadi Zonas\u0131n\u0131n birinci m\u0259rh\u0259l\u0259sinin a&ccedil;\u0131l\u0131\u015f m\u0259rasimind\u0259 i\u015ftirak edib. Az\u0259rtac x\u0259b\u0259r verir ki, \u018fl\u0259t Azad \u0130qtisadi Zonas\u0131n\u0131n s\u0259lahiyy\u0259tli qurumunun \u0130dar\u0259 Hey\u0259tinin s\u0259dri Valeh \u018fl\u0259sg\u0259rov g&ouml;r&uuml;l\u0259n i\u015fl\u0259r&hellip;<\/p>\n","protected":false},"author":1,"featured_media":251278,"comment_status":"open","ping_status":"open","sticky":false,"template":"","format":"standard","meta":{"_lmt_disableupdate":"","_lmt_disable":"","footnotes":""},"categories":[],"tags":[],"class_list":["post-179038","post","type-post","status-publish","format-standard","has-post-thumbnail","hentry"],"_links":{"self":[{"href":"https:\/\/ucnoqta.az\/index.php?rest_route=\/wp\/v2\/posts\/179038","targetHints":{"allow":["GET"]}}],"collection":[{"href":"https:\/\/ucnoqta.az\/index.php?rest_route=\/wp\/v2\/posts"}],"about":[{"href":"https:\/\/ucnoqta.az\/index.php?rest_route=\/wp\/v2\/types\/post"}],"author":[{"embeddable":true,"href":"https:\/\/ucnoqta.az\/index.php?rest_route=\/wp\/v2\/users\/1"}],"replies":[{"embeddable":true,"href":"https:\/\/ucnoqta.az\/index.php?rest_route=%2Fwp%2Fv2%2Fcomments&post=179038"}],"version-history":[{"count":0,"href":"https:\/\/ucnoqta.az\/index.php?rest_route=\/wp\/v2\/posts\/179038\/revisions"}],"wp:featuredmedia":[{"embeddable":true,"href":"https:\/\/ucnoqta.az\/index.php?rest_route=\/wp\/v2\/media\/251278"}],"wp:attachment":[{"href":"https:\/\/ucnoqta.az\/index.php?rest_route=%2Fwp%2Fv2%2Fmedia&parent=179038"}],"wp:term":[{"taxonomy":"category","embeddable":true,"href":"https:\/\/ucnoqta.az\/index.php?rest_route=%2Fwp%2Fv2%2Fcategories&post=179038"},{"taxonomy":"post_tag","embeddable":true,"href":"https:\/\/ucnoqta.az\/index.php?rest_route=%2Fwp%2Fv2%2Ftags&post=179038"}],"curies":[{"name":"wp","href":"https:\/\/api.w.org\/{rel}","templated":true}]}}