{"id":179035,"date":"2023-06-09T13:59:06","date_gmt":"2023-06-09T09:59:06","guid":{"rendered":""},"modified":"-0001-11-30T00:00:00","modified_gmt":"-0001-11-29T20:00:00","slug":"","status":"publish","type":"post","link":"https:\/\/ucnoqta.az\/?p=179035","title":{"rendered":"\u0130srail \u0130ran\u0131n n\u00fcv\u0259 proqram\u0131n\u0131 dayand\u0131rmaq \u00fc\u00e7\u00fcn g\u00fcc t\u0259tbiq etm\u0259y\u0259 haz\u0131r oldu\u011funu bildirir"},"content":{"rendered":"<p><strong>\u0130srail \u0130ran\u0131n n&uuml;v\u0259 proqram\u0131n\u0131 dayand\u0131rmaq &uuml;&ccedil;&uuml;n g&uuml;c t\u0259tbiq etm\u0259y\u0259 haz\u0131r oldu\u011funu bildirib<\/strong><\/p>\n<p>Ucnoqta.az x\u0259b\u0259r verir ki, bu bar\u0259d\u0259 \u0130srailin ba\u015f naziri Benyamin Netanyahu Britaniyan\u0131n Sky News telekanal\u0131na m&uuml;sahib\u0259sind\u0259 deyib. Benyamin Netanyahu bu m\u0259s\u0259l\u0259d\u0259 &quot;t\u0259kc\u0259 diplomatiyan\u0131n i\u015fl\u0259y\u0259c\u0259yin\u0259&quot; \u015f&uuml;bh\u0259 il\u0259 yana\u015fd\u0131\u011f\u0131n\u0131 bildirib.<\/p>\n<p>&quot;M\u0259n t\u0259k diplomatiyan\u0131n i\u015fl\u0259y\u0259c\u0259yini d&uuml;\u015f&uuml;nm&uuml;r\u0259m. D&uuml;\u015f&uuml;n&uuml;r\u0259m ki, diplomatiya yaln\u0131z real h\u0259rbi t\u0259hdid v\u0259 ya m\u0259hdudla\u015fd\u0131rma n\u0259tic\u0259 verm\u0259diyi t\u0259qdird\u0259 h\u0259rbi variantlara m&uuml;raci\u0259t etm\u0259k ist\u0259yi il\u0259 birl\u0259\u015fdirildikd\u0259 i\u015fl\u0259y\u0259 bil\u0259r. Biz m&uuml;dafi\u0259 &uuml;&ccedil;&uuml;n n\u0259 laz\u0131md\u0131rsa ed\u0259c\u0259yik&rdquo; &#8211;&nbsp;o, m&uuml;sahib\u0259sind\u0259 deyib.<\/p>\n<p>Netanyahu h\u0259m&ccedil;inin \u0130srail v\u0259 S\u0259udiyy\u0259 \u018fr\u0259bistan\u0131 aras\u0131nda m&uuml;nasib\u0259tl\u0259rin tezlikl\u0259 normalla\u015fmas\u0131na &uuml;mid etdiyini bildirib.&nbsp;<\/p>\n","protected":false},"excerpt":{"rendered":"<p>\u0130srail \u0130ran\u0131n n&uuml;v\u0259 proqram\u0131n\u0131 dayand\u0131rmaq &uuml;&ccedil;&uuml;n g&uuml;c t\u0259tbiq etm\u0259y\u0259 haz\u0131r oldu\u011funu bildirib Ucnoqta.az x\u0259b\u0259r verir ki, bu bar\u0259d\u0259 \u0130srailin ba\u015f naziri Benyamin Netanyahu Britaniyan\u0131n Sky News telekanal\u0131na m&uuml;sahib\u0259sind\u0259 deyib. Benyamin&hellip;<\/p>\n","protected":false},"author":1,"featured_media":251278,"comment_status":"open","ping_status":"open","sticky":false,"template":"","format":"standard","meta":{"_lmt_disableupdate":"","_lmt_disable":"","footnotes":""},"categories":[89],"tags":[],"class_list":["post-179035","post","type-post","status-publish","format-standard","has-post-thumbnail","hentry","category-dunya-butun-xeberler"],"_links":{"self":[{"href":"https:\/\/ucnoqta.az\/index.php?rest_route=\/wp\/v2\/posts\/179035","targetHints":{"allow":["GET"]}}],"collection":[{"href":"https:\/\/ucnoqta.az\/index.php?rest_route=\/wp\/v2\/posts"}],"about":[{"href":"https:\/\/ucnoqta.az\/index.php?rest_route=\/wp\/v2\/types\/post"}],"author":[{"embeddable":true,"href":"https:\/\/ucnoqta.az\/index.php?rest_route=\/wp\/v2\/users\/1"}],"replies":[{"embeddable":true,"href":"https:\/\/ucnoqta.az\/index.php?rest_route=%2Fwp%2Fv2%2Fcomments&post=179035"}],"version-history":[{"count":0,"href":"https:\/\/ucnoqta.az\/index.php?rest_route=\/wp\/v2\/posts\/179035\/revisions"}],"wp:featuredmedia":[{"embeddable":true,"href":"https:\/\/ucnoqta.az\/index.php?rest_route=\/wp\/v2\/media\/251278"}],"wp:attachment":[{"href":"https:\/\/ucnoqta.az\/index.php?rest_route=%2Fwp%2Fv2%2Fmedia&parent=179035"}],"wp:term":[{"taxonomy":"category","embeddable":true,"href":"https:\/\/ucnoqta.az\/index.php?rest_route=%2Fwp%2Fv2%2Fcategories&post=179035"},{"taxonomy":"post_tag","embeddable":true,"href":"https:\/\/ucnoqta.az\/index.php?rest_route=%2Fwp%2Fv2%2Ftags&post=179035"}],"curies":[{"name":"wp","href":"https:\/\/api.w.org\/{rel}","templated":true}]}}