{"id":179033,"date":"2023-06-09T13:20:33","date_gmt":"2023-06-09T09:20:33","guid":{"rendered":""},"modified":"-0001-11-30T00:00:00","modified_gmt":"-0001-11-29T20:00:00","slug":"","status":"publish","type":"post","link":"https:\/\/ucnoqta.az\/?p=179033","title":{"rendered":"Xalq r\u0259ssam\u0131 \u00d6m\u0259r Eldarovla g\u00f6r\u00fc\u015f ke\u00e7iril\u0259c\u0259k"},"content":{"rendered":"<p><strong>Az\u0259rbaycan Respublikas\u0131n\u0131n M\u0259d\u0259niyy\u0259t Nazirliyinin d\u0259st\u0259yi, &ldquo;\u0130R\u018fL\u0130&rdquo; \u0130ctimai Birliyinin t\u0259\u015fkilat&ccedil;\u0131l\u0131\u011f\u0131 il\u0259 &Uuml;mummilli Lider Heyd\u0259r \u018fliyevin anadan olmas\u0131n\u0131n 100-c&uuml; ild&ouml;n&uuml;m&uuml;n\u0259 h\u0259sr olunmu\u015f t\u0259dbirl\u0259r proqram\u0131 &ccedil;\u0259r&ccedil;iv\u0259sind\u0259 &ldquo;M\u0259d\u0259niyy\u0259tim\u0130Z&rdquo; layih\u0259sinin n&ouml;vb\u0259ti g&ouml;r&uuml;\u015f&uuml; xalq r\u0259ssam\u0131, \u0259m\u0259kdar heyk\u0259ltara\u015f &Ouml;m\u0259r Eldarovla h\u0259yata ke&ccedil;iril\u0259c\u0259k.<\/strong><\/p>\n<p>Bu bar\u0259d\u0259 Ucnoqta.az-a \u0130ctimai birlikd\u0259n m\u0259lumat verilib. M\u0259lumata g&ouml;r\u0259, Az\u0259rbaycan Milli \u0130nc\u0259s\u0259n\u0259t Muzeyind\u0259 ba\u015f tutacaq g&ouml;r&uuml;\u015fd\u0259 &ldquo;&Uuml;mummilli Lider Heyd\u0259r \u018fliyev v\u0259 milli heyk\u0259lt\u0259ra\u015fl\u0131q, r\u0259sm s\u0259n\u0259ti&rdquo; v\u0259 &ldquo;Heyk\u0259lt\u0259ra\u015fl\u0131q v\u0259 r\u0259sm s\u0259n\u0259tind\u0259 m&uuml;asir d&ouml;vr\u0259 bax\u0131\u015f: t\u0259hlil v\u0259 n\u0259tic\u0259&rdquo; istiqam\u0259tl\u0259rind\u0259 panel m&uuml;zakir\u0259l\u0259r ba\u015f tutacaq. T\u0259dbirin b\u0259dii hiss\u0259sind\u0259 musiqili t\u0259qdimat, m&uuml;xt\u0259lif solo piano v\u0259 vokal ifalar s\u0259sl\u0259ndiril\u0259c\u0259k.<br \/>\nQeyd ed\u0259k ki, h\u0259yata ke&ccedil;iril\u0259n &ldquo;M\u0259d\u0259niyy\u0259tim\u0130Z&rdquo; layih\u0259sinin \u0259sas m\u0259qs\u0259di &ldquo;Heyd\u0259r \u018fliyev \u0130li&rdquo; &ccedil;\u0259r&ccedil;iv\u0259sind\u0259 &Uuml;mummilli Lider Heyd\u0259r \u018fliyevin h\u0259yat f\u0259aliyy\u0259tinin &ouml;yr\u0259nilm\u0259si, qeyd olunmu\u015f istiqam\u0259tl\u0259r &uuml;zr\u0259 m&ouml;vcud probleml\u0259rin h\u0259lli v\u0259 yarad\u0131c\u0131 ideya bank\u0131n\u0131n formala\u015fd\u0131r\u0131lmas\u0131d\u0131r.<br \/>\nG&ouml;r&uuml;\u015fd\u0259 i\u015ftirak etm\u0259k ist\u0259y\u0259n g\u0259ncl\u0259r a\u015fa\u011f\u0131dak\u0131 link vasit\u0259sil\u0259 qeydiyyatdan ke&ccedil;\u0259 bil\u0259rl\u0259r: <a href=\"https:\/\/shorturl.at\/rwDF1\u00a0\">https:\/\/shorturl.at\/rwDF1&nbsp;<\/a><br \/>\n&nbsp;<\/p>\n","protected":false},"excerpt":{"rendered":"<p>Az\u0259rbaycan Respublikas\u0131n\u0131n M\u0259d\u0259niyy\u0259t Nazirliyinin d\u0259st\u0259yi, &ldquo;\u0130R\u018fL\u0130&rdquo; \u0130ctimai Birliyinin t\u0259\u015fkilat&ccedil;\u0131l\u0131\u011f\u0131 il\u0259 &Uuml;mummilli Lider Heyd\u0259r \u018fliyevin anadan olmas\u0131n\u0131n 100-c&uuml; ild&ouml;n&uuml;m&uuml;n\u0259 h\u0259sr olunmu\u015f t\u0259dbirl\u0259r proqram\u0131 &ccedil;\u0259r&ccedil;iv\u0259sind\u0259 &ldquo;M\u0259d\u0259niyy\u0259tim\u0130Z&rdquo; layih\u0259sinin n&ouml;vb\u0259ti g&ouml;r&uuml;\u015f&uuml; xalq r\u0259ssam\u0131, \u0259m\u0259kdar&hellip;<\/p>\n","protected":false},"author":1,"featured_media":251278,"comment_status":"open","ping_status":"open","sticky":false,"template":"","format":"standard","meta":{"_lmt_disableupdate":"","_lmt_disable":"","footnotes":""},"categories":[101],"tags":[],"class_list":["post-179033","post","type-post","status-publish","format-standard","has-post-thumbnail","hentry","category-cemiyyet"],"_links":{"self":[{"href":"https:\/\/ucnoqta.az\/index.php?rest_route=\/wp\/v2\/posts\/179033","targetHints":{"allow":["GET"]}}],"collection":[{"href":"https:\/\/ucnoqta.az\/index.php?rest_route=\/wp\/v2\/posts"}],"about":[{"href":"https:\/\/ucnoqta.az\/index.php?rest_route=\/wp\/v2\/types\/post"}],"author":[{"embeddable":true,"href":"https:\/\/ucnoqta.az\/index.php?rest_route=\/wp\/v2\/users\/1"}],"replies":[{"embeddable":true,"href":"https:\/\/ucnoqta.az\/index.php?rest_route=%2Fwp%2Fv2%2Fcomments&post=179033"}],"version-history":[{"count":0,"href":"https:\/\/ucnoqta.az\/index.php?rest_route=\/wp\/v2\/posts\/179033\/revisions"}],"wp:featuredmedia":[{"embeddable":true,"href":"https:\/\/ucnoqta.az\/index.php?rest_route=\/wp\/v2\/media\/251278"}],"wp:attachment":[{"href":"https:\/\/ucnoqta.az\/index.php?rest_route=%2Fwp%2Fv2%2Fmedia&parent=179033"}],"wp:term":[{"taxonomy":"category","embeddable":true,"href":"https:\/\/ucnoqta.az\/index.php?rest_route=%2Fwp%2Fv2%2Fcategories&post=179033"},{"taxonomy":"post_tag","embeddable":true,"href":"https:\/\/ucnoqta.az\/index.php?rest_route=%2Fwp%2Fv2%2Ftags&post=179033"}],"curies":[{"name":"wp","href":"https:\/\/api.w.org\/{rel}","templated":true}]}}