{"id":179018,"date":"2023-06-09T11:05:41","date_gmt":"2023-06-09T07:05:41","guid":{"rendered":""},"modified":"-0001-11-30T00:00:00","modified_gmt":"-0001-11-29T20:00:00","slug":"","status":"publish","type":"post","link":"https:\/\/ucnoqta.az\/?p=179018","title":{"rendered":"Avtoxuliqanl\u0131q ed\u0259n \u015f\u0259xs h\u0259bs olunub"},"content":{"rendered":"<p><strong>Beyl\u0259qanda avtoxuliqanl\u0131q ed\u0259n \u015f\u0259xs h\u0259bs olunub.<\/strong><\/p>\n<p>Ucnoqta.az x\u0259b\u0259r verir ki, bu bar\u0259d\u0259 Daxili \u0130\u015fl\u0259r Nazirliyinin M\u0259tbuat Xidm\u0259tinin B\u0259rd\u0259 regional qrupundan m\u0259lumat verilib.<\/p>\n<p>Bildirilib ki, Beyl\u0259qan Rayon Polis \u015e&ouml;b\u0259sinin \u0259m\u0259kda\u015flar\u0131 t\u0259r\u0259find\u0259n ke&ccedil;iril\u0259n t\u0259dbirl\u0259r n\u0259tic\u0259sind\u0259 ictimai qaydan\u0131 n&uuml;mayi\u015fkaran\u0259 \u015f\u0259kild\u0259 pozaraq avtoxuliqanl\u0131q ed\u0259n rayon sakini &Uuml;lvi \u0130sg\u0259nd\u0259rli saxlan\u0131l\u0131b. Onun idar\u0259sind\u0259 olan &quot;VAZ-21074&quot; markal\u0131 avtomobil m&uuml;v\u0259qq\u0259ti duraca\u011fa yerl\u0259\u015fdirilib.<\/p>\n<p>Ad\u0131&ccedil;\u0259kil\u0259n \u015f\u0259xs bar\u0259sind\u0259 \u0130nzibati X\u0259talar M\u0259c\u0259ll\u0259sinin m&uuml;vafiq madd\u0259sin\u0259 uy\u011fun olaraq protokol t\u0259rtib edil\u0259r\u0259k bax\u0131lmas\u0131 &uuml;&ccedil;&uuml;n rayon m\u0259hk\u0259m\u0259sin\u0259 g&ouml;nd\u0259rilib. O, q\u0259rara \u0259sas\u0259n, inzibati qaydada 15 sutka h\u0259bs edilib v\u0259 n\u0259qliyyat vasit\u0259sini idar\u0259 etm\u0259k h&uuml;ququ bir il m&uuml;dd\u0259tin\u0259 m\u0259hdudla\u015fd\u0131r\u0131l\u0131b.<\/p>\n","protected":false},"excerpt":{"rendered":"<p>Beyl\u0259qanda avtoxuliqanl\u0131q ed\u0259n \u015f\u0259xs h\u0259bs olunub. Ucnoqta.az x\u0259b\u0259r verir ki, bu bar\u0259d\u0259 Daxili \u0130\u015fl\u0259r Nazirliyinin M\u0259tbuat Xidm\u0259tinin B\u0259rd\u0259 regional qrupundan m\u0259lumat verilib. Bildirilib ki, Beyl\u0259qan Rayon Polis \u015e&ouml;b\u0259sinin \u0259m\u0259kda\u015flar\u0131 t\u0259r\u0259find\u0259n&hellip;<\/p>\n","protected":false},"author":1,"featured_media":251278,"comment_status":"open","ping_status":"open","sticky":false,"template":"","format":"standard","meta":{"_lmt_disableupdate":"","_lmt_disable":"","footnotes":""},"categories":[99],"tags":[],"class_list":["post-179018","post","type-post","status-publish","format-standard","has-post-thumbnail","hentry","category-avto"],"_links":{"self":[{"href":"https:\/\/ucnoqta.az\/index.php?rest_route=\/wp\/v2\/posts\/179018","targetHints":{"allow":["GET"]}}],"collection":[{"href":"https:\/\/ucnoqta.az\/index.php?rest_route=\/wp\/v2\/posts"}],"about":[{"href":"https:\/\/ucnoqta.az\/index.php?rest_route=\/wp\/v2\/types\/post"}],"author":[{"embeddable":true,"href":"https:\/\/ucnoqta.az\/index.php?rest_route=\/wp\/v2\/users\/1"}],"replies":[{"embeddable":true,"href":"https:\/\/ucnoqta.az\/index.php?rest_route=%2Fwp%2Fv2%2Fcomments&post=179018"}],"version-history":[{"count":0,"href":"https:\/\/ucnoqta.az\/index.php?rest_route=\/wp\/v2\/posts\/179018\/revisions"}],"wp:featuredmedia":[{"embeddable":true,"href":"https:\/\/ucnoqta.az\/index.php?rest_route=\/wp\/v2\/media\/251278"}],"wp:attachment":[{"href":"https:\/\/ucnoqta.az\/index.php?rest_route=%2Fwp%2Fv2%2Fmedia&parent=179018"}],"wp:term":[{"taxonomy":"category","embeddable":true,"href":"https:\/\/ucnoqta.az\/index.php?rest_route=%2Fwp%2Fv2%2Fcategories&post=179018"},{"taxonomy":"post_tag","embeddable":true,"href":"https:\/\/ucnoqta.az\/index.php?rest_route=%2Fwp%2Fv2%2Ftags&post=179018"}],"curies":[{"name":"wp","href":"https:\/\/api.w.org\/{rel}","templated":true}]}}