{"id":179017,"date":"2023-06-09T10:46:40","date_gmt":"2023-06-09T06:46:40","guid":{"rendered":""},"modified":"-0001-11-30T00:00:00","modified_gmt":"-0001-11-29T20:00:00","slug":"","status":"publish","type":"post","link":"https:\/\/ucnoqta.az\/?p=179017","title":{"rendered":"Bayden Sunak\u0131 s\u0259hv\u0259n prezident adland\u0131rd\u0131"},"content":{"rendered":"<p><strong>AB\u015e prezidenti Co Bayden B&ouml;y&uuml;k Britaniyan\u0131n ba\u015f naziri Ri\u015fi Sunakla g&ouml;r&uuml;\u015f&uuml; zaman\u0131 Britaniya liderinin m&ouml;vqeyini qar\u0131\u015fd\u0131raraq onu prezident adland\u0131r\u0131b.<\/strong><\/p>\n<p>Ucnoqta.az x\u0259b\u0259r verir ki, bu bar\u0259d\u0259 &ldquo;Politico&rdquo; q\u0259zeti m\u0259lumat yay\u0131b.<\/p>\n<p>M\u0259lumata g&ouml;r\u0259, c&uuml;m\u0259 ax\u015fam\u0131 Sunak\u0131 A\u011f Evd\u0259 qar\u015f\u0131layanda Bayden d\u0259rhal ona &ldquo;c\u0259nab prezident&rdquo; dey\u0259 m&uuml;raci\u0259t edib.<\/p>\n<p>&quot;C\u0259nab prezident? M\u0259n sad\u0259c\u0259 sizi y&uuml;ks\u0259ldir\u0259m! C\u0259nab Ba\u015f nazir, xo\u015f g\u0259lmisiniz&quot; &#8211; AB\u015e lideri d\u0259rhal s\u0259hvini d&uuml;z\u0259ldib v\u0259 g&uuml;l&uuml;b.<\/p>\n<p>Bundan \u0259vv\u0259l Bayden d\u0259f\u0259l\u0259rl\u0259 B&ouml;y&uuml;k Britaniyan\u0131n ba\u015f nazirinin ad\u0131nda s\u0259hv\u0259 yol ver\u0259r\u0259k onu &ldquo;Ra\u015fi Sanuk&rdquo; adland\u0131rm\u0131\u015fd\u0131.&nbsp;<\/p>\n<p>Qeyd ed\u0259k ki, Sunak iyunun 7-8-d\u0259 Va\u015finqtonda s\u0259f\u0259rd\u0259 olub.<\/p>\n","protected":false},"excerpt":{"rendered":"<p>AB\u015e prezidenti Co Bayden B&ouml;y&uuml;k Britaniyan\u0131n ba\u015f naziri Ri\u015fi Sunakla g&ouml;r&uuml;\u015f&uuml; zaman\u0131 Britaniya liderinin m&ouml;vqeyini qar\u0131\u015fd\u0131raraq onu prezident adland\u0131r\u0131b. Ucnoqta.az x\u0259b\u0259r verir ki, bu bar\u0259d\u0259 &ldquo;Politico&rdquo; q\u0259zeti m\u0259lumat yay\u0131b. M\u0259lumata&hellip;<\/p>\n","protected":false},"author":1,"featured_media":251278,"comment_status":"open","ping_status":"open","sticky":false,"template":"","format":"standard","meta":{"_lmt_disableupdate":"","_lmt_disable":"","footnotes":""},"categories":[89],"tags":[],"class_list":["post-179017","post","type-post","status-publish","format-standard","has-post-thumbnail","hentry","category-dunya-butun-xeberler"],"_links":{"self":[{"href":"https:\/\/ucnoqta.az\/index.php?rest_route=\/wp\/v2\/posts\/179017","targetHints":{"allow":["GET"]}}],"collection":[{"href":"https:\/\/ucnoqta.az\/index.php?rest_route=\/wp\/v2\/posts"}],"about":[{"href":"https:\/\/ucnoqta.az\/index.php?rest_route=\/wp\/v2\/types\/post"}],"author":[{"embeddable":true,"href":"https:\/\/ucnoqta.az\/index.php?rest_route=\/wp\/v2\/users\/1"}],"replies":[{"embeddable":true,"href":"https:\/\/ucnoqta.az\/index.php?rest_route=%2Fwp%2Fv2%2Fcomments&post=179017"}],"version-history":[{"count":0,"href":"https:\/\/ucnoqta.az\/index.php?rest_route=\/wp\/v2\/posts\/179017\/revisions"}],"wp:featuredmedia":[{"embeddable":true,"href":"https:\/\/ucnoqta.az\/index.php?rest_route=\/wp\/v2\/media\/251278"}],"wp:attachment":[{"href":"https:\/\/ucnoqta.az\/index.php?rest_route=%2Fwp%2Fv2%2Fmedia&parent=179017"}],"wp:term":[{"taxonomy":"category","embeddable":true,"href":"https:\/\/ucnoqta.az\/index.php?rest_route=%2Fwp%2Fv2%2Fcategories&post=179017"},{"taxonomy":"post_tag","embeddable":true,"href":"https:\/\/ucnoqta.az\/index.php?rest_route=%2Fwp%2Fv2%2Ftags&post=179017"}],"curies":[{"name":"wp","href":"https:\/\/api.w.org\/{rel}","templated":true}]}}