{"id":179008,"date":"2023-06-09T09:43:20","date_gmt":"2023-06-09T05:43:20","guid":{"rendered":""},"modified":"-0001-11-30T00:00:00","modified_gmt":"-0001-11-29T20:00:00","slug":"","status":"publish","type":"post","link":"https:\/\/ucnoqta.az\/?p=179008","title":{"rendered":"Almaniya ukraynal\u0131 pilotlara t\u0259lim ke\u00e7m\u0259k \u00fc\u00e7\u00fcn aerodromlar\u0131 t\u0259klif ed\u0259 bil\u0259r"},"content":{"rendered":"<p><strong>Almaniyada F-16-da ukraynal\u0131 pilotlara t\u0259lim ke&ccedil;m\u0259k &uuml;&ccedil;&uuml;n aerodromlar t\u0259klif ed\u0259 bil\u0259c\u0259kl\u0259rini bildiribl\u0259r<\/strong><\/p>\n<p>Ucnoqta.az x\u0259b\u0259r verir ki, bu bar\u0259d\u0259 Bundestaq\u0131n M&uuml;dafi\u0259 Komit\u0259sinin s\u0259dri Mari-Agnes Strack-Zimmermann Bild q\u0259zetin\u0259 bildirib. O, qeyd edib ki, \u0259sas t\u0259liml\u0259ri h\u0259rb&ccedil;il\u0259r\u0259 bu q\u0131r\u0131c\u0131larla&nbsp;silahlanm\u0131\u015f &ouml;lk\u0259l\u0259r ke&ccedil;irm\u0259lidir.<\/p>\n<p>&quot;Bizim he&ccedil; vaxt &quot;F-16&quot;lar\u0131m\u0131z olmay\u0131b, lakin biz Almaniyada hava limanlar\u0131n\u0131 m\u0259rk\u0259z kimi t\u0259min ed\u0259 bil\u0259rik v\u0259 ya indiy\u0259 q\u0259d\u0259r yaln\u0131z &quot;MiQ&quot;l\u0259rl\u0259 u&ccedil;mu\u015f pilotlar &uuml;&ccedil;&uuml;n \u0259sas t\u0259liml\u0259r t\u0259klif ed\u0259 bil\u0259rik&quot; &#8211; Strack-Zimmermann deyib.&nbsp;<\/p>\n<p>Ukraynan\u0131n NATO-ya m&uuml;mk&uuml;n &uuml;zvl&uuml;y&uuml;n&uuml; \u015f\u0259rh ed\u0259n Bundestaq komit\u0259sinin r\u0259hb\u0259ri vur\u011fulay\u0131b ki, indi respublika alyansa daxil ola bilm\u0259z.<\/p>\n","protected":false},"excerpt":{"rendered":"<p>Almaniyada F-16-da ukraynal\u0131 pilotlara t\u0259lim ke&ccedil;m\u0259k &uuml;&ccedil;&uuml;n aerodromlar t\u0259klif ed\u0259 bil\u0259c\u0259kl\u0259rini bildiribl\u0259r Ucnoqta.az x\u0259b\u0259r verir ki, bu bar\u0259d\u0259 Bundestaq\u0131n M&uuml;dafi\u0259 Komit\u0259sinin s\u0259dri Mari-Agnes Strack-Zimmermann Bild q\u0259zetin\u0259 bildirib. O, qeyd edib&hellip;<\/p>\n","protected":false},"author":1,"featured_media":251278,"comment_status":"open","ping_status":"open","sticky":false,"template":"","format":"standard","meta":{"_lmt_disableupdate":"","_lmt_disable":"","footnotes":""},"categories":[89],"tags":[],"class_list":["post-179008","post","type-post","status-publish","format-standard","has-post-thumbnail","hentry","category-dunya-butun-xeberler"],"_links":{"self":[{"href":"https:\/\/ucnoqta.az\/index.php?rest_route=\/wp\/v2\/posts\/179008","targetHints":{"allow":["GET"]}}],"collection":[{"href":"https:\/\/ucnoqta.az\/index.php?rest_route=\/wp\/v2\/posts"}],"about":[{"href":"https:\/\/ucnoqta.az\/index.php?rest_route=\/wp\/v2\/types\/post"}],"author":[{"embeddable":true,"href":"https:\/\/ucnoqta.az\/index.php?rest_route=\/wp\/v2\/users\/1"}],"replies":[{"embeddable":true,"href":"https:\/\/ucnoqta.az\/index.php?rest_route=%2Fwp%2Fv2%2Fcomments&post=179008"}],"version-history":[{"count":0,"href":"https:\/\/ucnoqta.az\/index.php?rest_route=\/wp\/v2\/posts\/179008\/revisions"}],"wp:featuredmedia":[{"embeddable":true,"href":"https:\/\/ucnoqta.az\/index.php?rest_route=\/wp\/v2\/media\/251278"}],"wp:attachment":[{"href":"https:\/\/ucnoqta.az\/index.php?rest_route=%2Fwp%2Fv2%2Fmedia&parent=179008"}],"wp:term":[{"taxonomy":"category","embeddable":true,"href":"https:\/\/ucnoqta.az\/index.php?rest_route=%2Fwp%2Fv2%2Fcategories&post=179008"},{"taxonomy":"post_tag","embeddable":true,"href":"https:\/\/ucnoqta.az\/index.php?rest_route=%2Fwp%2Fv2%2Ftags&post=179008"}],"curies":[{"name":"wp","href":"https:\/\/api.w.org\/{rel}","templated":true}]}}