{"id":178996,"date":"2023-06-09T07:00:28","date_gmt":"2023-06-09T03:00:28","guid":{"rendered":""},"modified":"-0001-11-30T00:00:00","modified_gmt":"-0001-11-29T20:00:00","slug":"","status":"publish","type":"post","link":"https:\/\/ucnoqta.az\/?p=178996","title":{"rendered":"Yaponiya \u0130mperatoru \u0130ndoneziyaya s\u0259f\u0259r ed\u0259c\u0259k"},"content":{"rendered":"<p><strong>Yaponiya \u0130mperatoru Naruhito v\u0259 xan\u0131m\u0131 \u0130mperator Masako iyunun 17-d\u0259n 23-d\u0259k \u0130ndoneziyada r\u0259smi v\u0259 dostluq s\u0259f\u0259rind\u0259 olacaqlar.<\/strong><\/p>\n<p>Ucnoqta.az x\u0259b\u0259r verir ki, bu bar\u0259d\u0259 NHK telekanal\u0131 m\u0259lumat yay\u0131b. M\u0259lumata g&ouml;r\u0259, s\u0259f\u0259rin t\u0259\u015fkili c&uuml;m\u0259 g&uuml;n&uuml; Tokioda Yaponiya Nazirl\u0259r Kabinetinin iclas\u0131nda raz\u0131la\u015fd\u0131r\u0131l\u0131b.<\/p>\n<p>\u0130mperator v\u0259 xan\u0131m\u0131n\u0131n iyunun 19-da \u0130ndoneziya prezidenti Coko Vidodo il\u0259 g&ouml;r&uuml;\u015f&uuml; g&ouml;zl\u0259nilir. \u0130yunun 20-d\u0259 onlar \u0130ndoneziya M&uuml;st\u0259qillik M&uuml;harib\u0259si i\u015ftirak&ccedil;\u0131lar\u0131n\u0131n, o c&uuml;ml\u0259d\u0259n yapon k&ouml;n&uuml;ll&uuml;l\u0259rinin d\u0259fn olundu\u011fu Cakartan\u0131n c\u0259nubunda yerl\u0259\u015f\u0259n q\u0259biristanl\u0131\u011f\u0131 ziyar\u0259t ed\u0259c\u0259kl\u0259r. \u0130yunun 21-d\u0259n 22-d\u0259k Naruhito v\u0259 Masako Yava adas\u0131n\u0131n g&ouml;rm\u0259li yerl\u0259rini, o c&uuml;ml\u0259d\u0259n YUNESKO-nun &Uuml;mumd&uuml;nya \u0130rs Siyah\u0131s\u0131na daxil edilmi\u015f Borobudur xrom kompleksini ziyar\u0259t ed\u0259c\u0259kl\u0259r.<\/p>\n<p>&quot;Yaponiya \u0130ndoneziya il\u0259 &ccedil;oxdan yax\u0131n v\u0259 dostluq m&uuml;nasib\u0259tl\u0259ri saxlay\u0131r. \u018fmin\u0259m ki, [imperator c&uuml;tl&uuml;y&uuml;n&uuml;n] s\u0259f\u0259ri &ouml;lk\u0259l\u0259rimizi daha da yax\u0131nla\u015fd\u0131racaq v\u0259 buna g&ouml;r\u0259 d\u0259 Yaponiya xalq\u0131 il\u0259 birlikd\u0259 bu m&uuml;nasib\u0259tl\u0259 b&ouml;y&uuml;k sevinc hissi ke&ccedil;irir\u0259m&quot;, &#8211; yapon bildirib. Ba\u015f nazir Fumio Ki\u015fida &ouml;lk\u0259nin Xarici \u0130\u015fl\u0259r Nazirliyinin iyunun 9-da verdiyi b\u0259yanatda.<\/p>\n<p>S\u0259f\u0259r 2019-cu ild\u0259 taxta &ccedil;\u0131xan Naruhito &uuml;&ccedil;&uuml;n ilk bel\u0259 s\u0259f\u0259r olacaq.&nbsp;<\/p>\n","protected":false},"excerpt":{"rendered":"<p>Yaponiya \u0130mperatoru Naruhito v\u0259 xan\u0131m\u0131 \u0130mperator Masako iyunun 17-d\u0259n 23-d\u0259k \u0130ndoneziyada r\u0259smi v\u0259 dostluq s\u0259f\u0259rind\u0259 olacaqlar. Ucnoqta.az x\u0259b\u0259r verir ki, bu bar\u0259d\u0259 NHK telekanal\u0131 m\u0259lumat yay\u0131b. M\u0259lumata g&ouml;r\u0259, s\u0259f\u0259rin t\u0259\u015fkili&hellip;<\/p>\n","protected":false},"author":1,"featured_media":251278,"comment_status":"open","ping_status":"open","sticky":false,"template":"","format":"standard","meta":{"_lmt_disableupdate":"","_lmt_disable":"","footnotes":""},"categories":[89],"tags":[],"class_list":["post-178996","post","type-post","status-publish","format-standard","has-post-thumbnail","hentry","category-dunya-butun-xeberler"],"_links":{"self":[{"href":"https:\/\/ucnoqta.az\/index.php?rest_route=\/wp\/v2\/posts\/178996","targetHints":{"allow":["GET"]}}],"collection":[{"href":"https:\/\/ucnoqta.az\/index.php?rest_route=\/wp\/v2\/posts"}],"about":[{"href":"https:\/\/ucnoqta.az\/index.php?rest_route=\/wp\/v2\/types\/post"}],"author":[{"embeddable":true,"href":"https:\/\/ucnoqta.az\/index.php?rest_route=\/wp\/v2\/users\/1"}],"replies":[{"embeddable":true,"href":"https:\/\/ucnoqta.az\/index.php?rest_route=%2Fwp%2Fv2%2Fcomments&post=178996"}],"version-history":[{"count":0,"href":"https:\/\/ucnoqta.az\/index.php?rest_route=\/wp\/v2\/posts\/178996\/revisions"}],"wp:featuredmedia":[{"embeddable":true,"href":"https:\/\/ucnoqta.az\/index.php?rest_route=\/wp\/v2\/media\/251278"}],"wp:attachment":[{"href":"https:\/\/ucnoqta.az\/index.php?rest_route=%2Fwp%2Fv2%2Fmedia&parent=178996"}],"wp:term":[{"taxonomy":"category","embeddable":true,"href":"https:\/\/ucnoqta.az\/index.php?rest_route=%2Fwp%2Fv2%2Fcategories&post=178996"},{"taxonomy":"post_tag","embeddable":true,"href":"https:\/\/ucnoqta.az\/index.php?rest_route=%2Fwp%2Fv2%2Ftags&post=178996"}],"curies":[{"name":"wp","href":"https:\/\/api.w.org\/{rel}","templated":true}]}}