{"id":178989,"date":"2023-06-08T20:51:14","date_gmt":"2023-06-08T16:51:14","guid":{"rendered":""},"modified":"-0001-11-30T00:00:00","modified_gmt":"-0001-11-29T20:00:00","slug":"","status":"publish","type":"post","link":"https:\/\/ucnoqta.az\/?p=178989","title":{"rendered":"S\u00fclhm\u0259raml\u0131lar\u0131n n\u0259zar\u0259tind\u0259 olan erm\u0259nil\u0259r F\u00fczuli, Xocal\u0131 v\u0259 \u015eu\u015fan\u0131"},"content":{"rendered":"<p><strong>\u0130yunun 8-i saat 11:25-d\u0259n 18:40-d\u0259k &nbsp;Rusiya s&uuml;lhm\u0259raml\u0131lar\u0131n\u0131n m&uuml;v\u0259qq\u0259ti yerl\u0259\u015fdiyi Az\u0259rbaycan \u0259razisind\u0259ki qeyri-qanuni erm\u0259ni silahl\u0131 d\u0259st\u0259l\u0259rinin &uuml;zvl\u0259ri Ordumuzun F&uuml;zuli, Xocal\u0131 v\u0259 \u015eu\u015fa rayonlar\u0131 istiqam\u0259tl\u0259rind\u0259 yerl\u0259\u015f\u0259n m&ouml;vqel\u0259rini fasil\u0259l\u0259rl\u0259 at\u0259\u015f\u0259 tutub.<\/strong><\/p>\n<p>M&uuml;dafi\u0259 Nazirliyind\u0259n Ucnoqta.az-a bildirilib ki, Az\u0259rbaycan Ordusunun b&ouml;lm\u0259l\u0259ri t\u0259r\u0259find\u0259n qeyd olunan istiqam\u0259tl\u0259rd\u0259 adekvat cavab t\u0259dbirl\u0259ri g&ouml;r&uuml;l&uuml;b.<\/p>\n<p>Bundan ba\u015fqa, qeyri-qanuni erm\u0259ni silahl\u0131 d\u0259st\u0259l\u0259rinin &uuml;zvl\u0259ri k\u0259nd t\u0259s\u0259rr&uuml;fat\u0131 i\u015fl\u0259ri ad\u0131 alt\u0131nda Ordumuzun A\u011fdam, F&uuml;zuli, Xocav\u0259nd, Xocal\u0131 v\u0259 \u015eu\u015fa rayonlar\u0131 istiqam\u0259tl\u0259rind\u0259 yerl\u0259\u015f\u0259n m&ouml;vqel\u0259rinin qar\u015f\u0131s\u0131nda uzunm&uuml;dd\u0259tli fortifikasiya qur\u011fular\u0131n\u0131 qura\u015fd\u0131rma\u011fa c\u0259hd g&ouml;st\u0259ribl\u0259r.<\/p>\n<p>B&ouml;lm\u0259l\u0259rimiz t\u0259r\u0259find\u0259n g&ouml;r&uuml;l\u0259n t\u0259xir\u0259sal\u0131nmaz t\u0259dbirl\u0259r n\u0259tic\u0259sind\u0259 apar\u0131lan i\u015fl\u0259r d\u0259rhal dayand\u0131r\u0131l\u0131b.<br \/>\n&nbsp;<\/p>\n","protected":false},"excerpt":{"rendered":"<p>\u0130yunun 8-i saat 11:25-d\u0259n 18:40-d\u0259k &nbsp;Rusiya s&uuml;lhm\u0259raml\u0131lar\u0131n\u0131n m&uuml;v\u0259qq\u0259ti yerl\u0259\u015fdiyi Az\u0259rbaycan \u0259razisind\u0259ki qeyri-qanuni erm\u0259ni silahl\u0131 d\u0259st\u0259l\u0259rinin &uuml;zvl\u0259ri Ordumuzun F&uuml;zuli, Xocal\u0131 v\u0259 \u015eu\u015fa rayonlar\u0131 istiqam\u0259tl\u0259rind\u0259 yerl\u0259\u015f\u0259n m&ouml;vqel\u0259rini fasil\u0259l\u0259rl\u0259 at\u0259\u015f\u0259 tutub. M&uuml;dafi\u0259 Nazirliyind\u0259n&hellip;<\/p>\n","protected":false},"author":1,"featured_media":251278,"comment_status":"open","ping_status":"open","sticky":false,"template":"","format":"standard","meta":{"_lmt_disableupdate":"","_lmt_disable":"","footnotes":""},"categories":[],"tags":[],"class_list":["post-178989","post","type-post","status-publish","format-standard","has-post-thumbnail","hentry"],"_links":{"self":[{"href":"https:\/\/ucnoqta.az\/index.php?rest_route=\/wp\/v2\/posts\/178989","targetHints":{"allow":["GET"]}}],"collection":[{"href":"https:\/\/ucnoqta.az\/index.php?rest_route=\/wp\/v2\/posts"}],"about":[{"href":"https:\/\/ucnoqta.az\/index.php?rest_route=\/wp\/v2\/types\/post"}],"author":[{"embeddable":true,"href":"https:\/\/ucnoqta.az\/index.php?rest_route=\/wp\/v2\/users\/1"}],"replies":[{"embeddable":true,"href":"https:\/\/ucnoqta.az\/index.php?rest_route=%2Fwp%2Fv2%2Fcomments&post=178989"}],"version-history":[{"count":0,"href":"https:\/\/ucnoqta.az\/index.php?rest_route=\/wp\/v2\/posts\/178989\/revisions"}],"wp:featuredmedia":[{"embeddable":true,"href":"https:\/\/ucnoqta.az\/index.php?rest_route=\/wp\/v2\/media\/251278"}],"wp:attachment":[{"href":"https:\/\/ucnoqta.az\/index.php?rest_route=%2Fwp%2Fv2%2Fmedia&parent=178989"}],"wp:term":[{"taxonomy":"category","embeddable":true,"href":"https:\/\/ucnoqta.az\/index.php?rest_route=%2Fwp%2Fv2%2Fcategories&post=178989"},{"taxonomy":"post_tag","embeddable":true,"href":"https:\/\/ucnoqta.az\/index.php?rest_route=%2Fwp%2Fv2%2Ftags&post=178989"}],"curies":[{"name":"wp","href":"https:\/\/api.w.org\/{rel}","templated":true}]}}