{"id":178986,"date":"2023-06-08T19:26:14","date_gmt":"2023-06-08T15:26:14","guid":{"rendered":""},"modified":"-0001-11-30T00:00:00","modified_gmt":"-0001-11-29T20:00:00","slug":"","status":"publish","type":"post","link":"https:\/\/ucnoqta.az\/?p=178986","title":{"rendered":"Minskd\u0259 KTMT Nazirl\u0259r \u015euras\u0131n\u0131n iclas\u0131 ke\u00e7iril\u0259c\u0259k"},"content":{"rendered":"<p><strong>\u0130yunun 19-20-d\u0259 Minskd\u0259 Kollektiv T\u0259hl&uuml;k\u0259sizlik M&uuml;qavil\u0259si T\u0259\u015fkilat\u0131na (KTMT) &uuml;zv d&ouml;vl\u0259tl\u0259rin Xarici \u0130\u015fl\u0259r Nazirl\u0259ri \u015euras\u0131n\u0131n (X\u0130N\u015e) iclas\u0131 ke&ccedil;iril\u0259c\u0259k.<\/strong><\/p>\n<p>Ucnoqta.az x\u0259b\u0259r verir ki, bu bar\u0259d\u0259 Belarus Xarici \u0130\u015fl\u0259r Nazirliyi m\u0259lumat yay\u0131b.<\/p>\n<p>M\u0259lumata g&ouml;r\u0259, iclas\u0131n g&uuml;nd\u0259liyin\u0259 beyn\u0259lxalq v\u0259 regional v\u0259ziyy\u0259tin v\u0259ziyy\u0259ti v\u0259 inki\u015faf perspektivl\u0259ri, KTMT-y\u0259 &uuml;zv d&ouml;vl\u0259tl\u0259rin t\u0259hl&uuml;k\u0259sizliyin\u0259 t\u0259sir, habel\u0259 onun v\u0259ziyy\u0259ti il\u0259 ba\u011fl\u0131 m\u0259s\u0259l\u0259l\u0259r daxildir. \u018fm\u0259kda\u015fl\u0131q m&ouml;vzusu da KTMT-nin dig\u0259r beyn\u0259lxalq t\u0259\u015fkilatlarla, o c&uuml;ml\u0259d\u0259n BMT, MDB v\u0259 \u015e\u018fT il\u0259 \u0259trafl\u0131 \u015f\u0259kild\u0259 n\u0259z\u0259rd\u0259n ke&ccedil;iril\u0259c\u0259k.<\/p>\n","protected":false},"excerpt":{"rendered":"<p>\u0130yunun 19-20-d\u0259 Minskd\u0259 Kollektiv T\u0259hl&uuml;k\u0259sizlik M&uuml;qavil\u0259si T\u0259\u015fkilat\u0131na (KTMT) &uuml;zv d&ouml;vl\u0259tl\u0259rin Xarici \u0130\u015fl\u0259r Nazirl\u0259ri \u015euras\u0131n\u0131n (X\u0130N\u015e) iclas\u0131 ke&ccedil;iril\u0259c\u0259k. Ucnoqta.az x\u0259b\u0259r verir ki, bu bar\u0259d\u0259 Belarus Xarici \u0130\u015fl\u0259r Nazirliyi m\u0259lumat yay\u0131b. M\u0259lumata&hellip;<\/p>\n","protected":false},"author":1,"featured_media":251278,"comment_status":"open","ping_status":"open","sticky":false,"template":"","format":"standard","meta":{"_lmt_disableupdate":"","_lmt_disable":"","footnotes":""},"categories":[89],"tags":[],"class_list":["post-178986","post","type-post","status-publish","format-standard","has-post-thumbnail","hentry","category-dunya-butun-xeberler"],"_links":{"self":[{"href":"https:\/\/ucnoqta.az\/index.php?rest_route=\/wp\/v2\/posts\/178986","targetHints":{"allow":["GET"]}}],"collection":[{"href":"https:\/\/ucnoqta.az\/index.php?rest_route=\/wp\/v2\/posts"}],"about":[{"href":"https:\/\/ucnoqta.az\/index.php?rest_route=\/wp\/v2\/types\/post"}],"author":[{"embeddable":true,"href":"https:\/\/ucnoqta.az\/index.php?rest_route=\/wp\/v2\/users\/1"}],"replies":[{"embeddable":true,"href":"https:\/\/ucnoqta.az\/index.php?rest_route=%2Fwp%2Fv2%2Fcomments&post=178986"}],"version-history":[{"count":0,"href":"https:\/\/ucnoqta.az\/index.php?rest_route=\/wp\/v2\/posts\/178986\/revisions"}],"wp:featuredmedia":[{"embeddable":true,"href":"https:\/\/ucnoqta.az\/index.php?rest_route=\/wp\/v2\/media\/251278"}],"wp:attachment":[{"href":"https:\/\/ucnoqta.az\/index.php?rest_route=%2Fwp%2Fv2%2Fmedia&parent=178986"}],"wp:term":[{"taxonomy":"category","embeddable":true,"href":"https:\/\/ucnoqta.az\/index.php?rest_route=%2Fwp%2Fv2%2Fcategories&post=178986"},{"taxonomy":"post_tag","embeddable":true,"href":"https:\/\/ucnoqta.az\/index.php?rest_route=%2Fwp%2Fv2%2Ftags&post=178986"}],"curies":[{"name":"wp","href":"https:\/\/api.w.org\/{rel}","templated":true}]}}