{"id":178984,"date":"2023-06-08T19:15:05","date_gmt":"2023-06-08T15:15:05","guid":{"rendered":""},"modified":"-0001-11-30T00:00:00","modified_gmt":"-0001-11-29T20:00:00","slug":"","status":"publish","type":"post","link":"https:\/\/ucnoqta.az\/?p=178984","title":{"rendered":"\u0130taliyan\u0131n ba\u015f naziri Tunis\u0259 s\u0259f\u0259r ed\u0259c\u0259k"},"content":{"rendered":"<p><strong>\u0130taliyan\u0131n ba\u015f naziri Tunis\u0259 s\u0259f\u0259r ed\u0259c\u0259k<\/strong><\/p>\n<p>Ucnoqta.az x\u0259b\u0259r verir ki, bu bar\u0259d\u0259 \u0130taliyan\u0131n ba\u015f naziri Corc Meloni deyib. O, &ouml;lk\u0259y\u0259 yard\u0131m\u0131 m&uuml;zakir\u0259 etm\u0259k &uuml;&ccedil;&uuml;n Avropa Komissiyas\u0131n\u0131n (AK) prezidenti Ursula fon der Leyen v\u0259 Niderland\u0131n ba\u015f naziri Mark Ruttenin m&uuml;\u015fayi\u0259ti il\u0259 iyunun 11-d\u0259 yenid\u0259n Tunis\u0259 ged\u0259c\u0259k.<\/p>\n<p>Meloni&nbsp;bu s\u0259f\u0259rin Beyn\u0259lxalq Valyuta Fondu il\u0259 Tunis\u0259 kredit verilm\u0259sin\u0259 dair sazi\u015fin ba\u011flanmas\u0131na t&ouml;hf\u0259 ver\u0259 bil\u0259c\u0259yin\u0259 diqq\u0259t &ccedil;\u0259kib. Meloni h\u0259m&ccedil;inin qeyd edib ki, \u0130taliya &uuml;&ccedil;&uuml;n Tunisd\u0259 sabitlik prioritetdir, &ccedil;&uuml;nki qeyri-sabitlik b&uuml;t&uuml;n regionu probleml\u0259rl\u0259 t\u0259hdid edir. Ba\u015f nazir bildirib ki, son aylarda \u0130taliyaya miqrasiya ax\u0131n\u0131 xeyli art\u0131b. D\u0259niz yolu il\u0259 g\u0259l\u0259n miqrantlar\u0131n \u0259ks\u0259riyy\u0259ti Tunisd\u0259ndir.<\/p>\n","protected":false},"excerpt":{"rendered":"<p>\u0130taliyan\u0131n ba\u015f naziri Tunis\u0259 s\u0259f\u0259r ed\u0259c\u0259k Ucnoqta.az x\u0259b\u0259r verir ki, bu bar\u0259d\u0259 \u0130taliyan\u0131n ba\u015f naziri Corc Meloni deyib. O, &ouml;lk\u0259y\u0259 yard\u0131m\u0131 m&uuml;zakir\u0259 etm\u0259k &uuml;&ccedil;&uuml;n Avropa Komissiyas\u0131n\u0131n (AK) prezidenti Ursula fon&hellip;<\/p>\n","protected":false},"author":1,"featured_media":251278,"comment_status":"open","ping_status":"open","sticky":false,"template":"","format":"standard","meta":{"_lmt_disableupdate":"","_lmt_disable":"","footnotes":""},"categories":[89],"tags":[],"class_list":["post-178984","post","type-post","status-publish","format-standard","has-post-thumbnail","hentry","category-dunya-butun-xeberler"],"_links":{"self":[{"href":"https:\/\/ucnoqta.az\/index.php?rest_route=\/wp\/v2\/posts\/178984","targetHints":{"allow":["GET"]}}],"collection":[{"href":"https:\/\/ucnoqta.az\/index.php?rest_route=\/wp\/v2\/posts"}],"about":[{"href":"https:\/\/ucnoqta.az\/index.php?rest_route=\/wp\/v2\/types\/post"}],"author":[{"embeddable":true,"href":"https:\/\/ucnoqta.az\/index.php?rest_route=\/wp\/v2\/users\/1"}],"replies":[{"embeddable":true,"href":"https:\/\/ucnoqta.az\/index.php?rest_route=%2Fwp%2Fv2%2Fcomments&post=178984"}],"version-history":[{"count":0,"href":"https:\/\/ucnoqta.az\/index.php?rest_route=\/wp\/v2\/posts\/178984\/revisions"}],"wp:featuredmedia":[{"embeddable":true,"href":"https:\/\/ucnoqta.az\/index.php?rest_route=\/wp\/v2\/media\/251278"}],"wp:attachment":[{"href":"https:\/\/ucnoqta.az\/index.php?rest_route=%2Fwp%2Fv2%2Fmedia&parent=178984"}],"wp:term":[{"taxonomy":"category","embeddable":true,"href":"https:\/\/ucnoqta.az\/index.php?rest_route=%2Fwp%2Fv2%2Fcategories&post=178984"},{"taxonomy":"post_tag","embeddable":true,"href":"https:\/\/ucnoqta.az\/index.php?rest_route=%2Fwp%2Fv2%2Ftags&post=178984"}],"curies":[{"name":"wp","href":"https:\/\/api.w.org\/{rel}","templated":true}]}}