{"id":178982,"date":"2023-06-08T19:01:07","date_gmt":"2023-06-08T15:01:07","guid":{"rendered":""},"modified":"-0001-11-30T00:00:00","modified_gmt":"-0001-11-29T20:00:00","slug":"","status":"publish","type":"post","link":"https:\/\/ucnoqta.az\/?p=178982","title":{"rendered":"Az\u0259rbaycan X\u0130N Armen Qriqoryana cavab verib"},"content":{"rendered":"<p><strong>8 iyun 2023-c&uuml; il tarixind\u0259 Erm\u0259nistan\u0131n T\u0259hl&uuml;k\u0259sizlik \u015euras\u0131n\u0131n katibi Armen Qriqoryan\u0131n Minskd\u0259 Kollektiv T\u0259hl&uuml;k\u0259sizlik M&uuml;qavil\u0259si T\u0259\u015fkilat\u0131n\u0131n iclas\u0131nda &ccedil;\u0131x\u0131\u015f\u0131 zaman\u0131 guya Az\u0259rbaycan\u0131n Erm\u0259nistanla s\u0259rh\u0259dd\u0259 v\u0259 La&ccedil;\u0131n yolunda v\u0259ziyy\u0259ti g\u0259rginl\u0259\u015fdirdiyi, g&uuml;c t\u0259tbiqi siyas\u0259ti y&uuml;r&uuml;td&uuml;y&uuml;, Qaraba\u011f b&ouml;lg\u0259sind\u0259 ya\u015fayan erm\u0259ni sakinl\u0259r\u0259 qar\u015f\u0131 etnik t\u0259mizl\u0259m\u0259 h\u0259yata ke&ccedil;irm\u0259k niyy\u0259tind\u0259 oldu\u011fu bar\u0259d\u0259 s\u0259sl\u0259ndirdiyi iddialar\u0131n he&ccedil; bir \u0259sas\u0131 yoxdur v\u0259 bu Erm\u0259nistan t\u0259r\u0259finin n&ouml;vb\u0259ti manipulyasiyas\u0131d\u0131r.<\/strong><\/p>\n<p>Ucnoqta.az&nbsp;x\u0259b\u0259r verir ki, bu, Az\u0259rbaycan Xarici \u0130\u015fl\u0259r Nazirliyinin Erm\u0259nistan\u0131n T\u0259hl&uuml;k\u0259sizlik \u015euras\u0131n\u0131n katibi Armen Qriqoryan\u0131n Minskd\u0259 Kollektiv T\u0259hl&uuml;k\u0259sizlik M&uuml;qavil\u0259si T\u0259\u015fkilat\u0131n\u0131n iclas\u0131 zaman\u0131 s\u0259sl\u0259ndirdiyi iddialara cavab\u0131nda bildirilib.<\/p>\n<p>Qeyd edilib ki, Erm\u0259nistan t\u0259r\u0259finin &ouml;z &uuml;z\u0259rin\u0259 g&ouml;t&uuml;rd&uuml;y&uuml; &ouml;hd\u0259likl\u0259ri yerin\u0259 yetirm\u0259k, el\u0259c\u0259 d\u0259 Az\u0259rbaycan\u0131n \u0259razi b&uuml;t&ouml;vl&uuml;y&uuml; v\u0259 suverenliyin\u0259 h&ouml;rm\u0259t etm\u0259k \u0259v\u0259zin\u0259 erm\u0259ni sakinl\u0259rin reinteqrasiyas\u0131 kimi daxili m\u0259s\u0259l\u0259l\u0259r\u0259 m&uuml;daxil\u0259 c\u0259hdl\u0259rin\u0259 h\u0259l\u0259 d\u0259 son qoymamas\u0131 bu &ouml;lk\u0259nin b&ouml;lg\u0259d\u0259 s&uuml;lh v\u0259 sabitlikd\u0259 maraql\u0131 olmad\u0131\u011f\u0131n\u0131 g&ouml;st\u0259rir:<\/p>\n<p>&quot;Misal olaraq, Erm\u0259nistan T\u0259hl&uuml;k\u0259sizlik \u015euras\u0131n\u0131n katibin\u0259 xat\u0131rlad\u0131r\u0131q ki, Erm\u0259nistan &Uuml;&ccedil;t\u0259r\u0259fli b\u0259yanat &ccedil;\u0259r&ccedil;iv\u0259sind\u0259 &ouml;hd\u0259likl\u0259rin\u0259 zidd olaraq erm\u0259ni silahl\u0131 q&uuml;vv\u0259l\u0259rini Az\u0259rbaycan \u0259razisind\u0259n tam olaraq h\u0259l\u0259 d\u0259 &ccedil;\u0131xarmay\u0131b v\u0259 bu q&uuml;vv\u0259l\u0259rin Az\u0259rbaycan \u0259razisind\u0259 m&ouml;vcudlu\u011fu beyn\u0259lxalq h&uuml;ququn b&uuml;t&uuml;n norma v\u0259 prinsipl\u0259rinin pozuntusu olmaqla yana\u015f\u0131, ciddi t\u0259hdid m\u0259nb\u0259yidir. Az\u0259rbaycan\u0131n La&ccedil;\u0131n s\u0259rh\u0259d burax\u0131l\u0131\u015f m\u0259nt\u0259q\u0259sind\u0259n g&uuml;n \u0259rzind\u0259 onlarla erm\u0259ni sakinl\u0259rin Az\u0259rbaycan qanunvericiliyin\u0259 v\u0259 m&uuml;vafiq prosedurlara \u0259m\u0259l etm\u0259kl\u0259 h\u0259r iki istiqam\u0259td\u0259 s\u0259rb\u0259st \u015f\u0259kild\u0259 ke&ccedil;m\u0259si bir daha g&ouml;st\u0259rir ki, Erm\u0259nistan\u0131n reinteqrasiya prosesin\u0259 mane&ccedil;ilik c\u0259hdl\u0259ri u\u011fursuzlu\u011fa d&uuml;&ccedil;ar olub. Erm\u0259nistan\u0131 b&ouml;lg\u0259d\u0259 s&uuml;lh v\u0259 t\u0259hl&uuml;k\u0259sizliyin t\u0259min olunmas\u0131na x\u0259l\u0259l g\u0259tir\u0259n t\u0259hl&uuml;k\u0259li ritorikadan &ccedil;\u0259kinm\u0259y\u0259, \u0259sass\u0131z yer\u0259 Az\u0259rbaycan\u0131 ittiham etm\u0259k, beyn\u0259lxalq ictimaiyy\u0259ti yay\u0131nd\u0131rmaq c\u0259hdl\u0259rini davam etdirm\u0259k \u0259v\u0259zin\u0259 &uuml;z\u0259rin\u0259 g&ouml;t&uuml;rd&uuml;y&uuml; &ouml;hd\u0259likl\u0259ri yerin\u0259 yetirm\u0259yi t\u0259l\u0259b edirik&quot;, &#8211; X\u0130N-in yayd\u0131\u011f\u0131 m\u0259lumatda bildirilib.<\/p>\n","protected":false},"excerpt":{"rendered":"<p>8 iyun 2023-c&uuml; il tarixind\u0259 Erm\u0259nistan\u0131n T\u0259hl&uuml;k\u0259sizlik \u015euras\u0131n\u0131n katibi Armen Qriqoryan\u0131n Minskd\u0259 Kollektiv T\u0259hl&uuml;k\u0259sizlik M&uuml;qavil\u0259si T\u0259\u015fkilat\u0131n\u0131n iclas\u0131nda &ccedil;\u0131x\u0131\u015f\u0131 zaman\u0131 guya Az\u0259rbaycan\u0131n Erm\u0259nistanla s\u0259rh\u0259dd\u0259 v\u0259 La&ccedil;\u0131n yolunda v\u0259ziyy\u0259ti g\u0259rginl\u0259\u015fdirdiyi, g&uuml;c t\u0259tbiqi&hellip;<\/p>\n","protected":false},"author":1,"featured_media":251278,"comment_status":"open","ping_status":"open","sticky":false,"template":"","format":"standard","meta":{"_lmt_disableupdate":"","_lmt_disable":"","footnotes":""},"categories":[],"tags":[],"class_list":["post-178982","post","type-post","status-publish","format-standard","has-post-thumbnail","hentry"],"_links":{"self":[{"href":"https:\/\/ucnoqta.az\/index.php?rest_route=\/wp\/v2\/posts\/178982","targetHints":{"allow":["GET"]}}],"collection":[{"href":"https:\/\/ucnoqta.az\/index.php?rest_route=\/wp\/v2\/posts"}],"about":[{"href":"https:\/\/ucnoqta.az\/index.php?rest_route=\/wp\/v2\/types\/post"}],"author":[{"embeddable":true,"href":"https:\/\/ucnoqta.az\/index.php?rest_route=\/wp\/v2\/users\/1"}],"replies":[{"embeddable":true,"href":"https:\/\/ucnoqta.az\/index.php?rest_route=%2Fwp%2Fv2%2Fcomments&post=178982"}],"version-history":[{"count":0,"href":"https:\/\/ucnoqta.az\/index.php?rest_route=\/wp\/v2\/posts\/178982\/revisions"}],"wp:featuredmedia":[{"embeddable":true,"href":"https:\/\/ucnoqta.az\/index.php?rest_route=\/wp\/v2\/media\/251278"}],"wp:attachment":[{"href":"https:\/\/ucnoqta.az\/index.php?rest_route=%2Fwp%2Fv2%2Fmedia&parent=178982"}],"wp:term":[{"taxonomy":"category","embeddable":true,"href":"https:\/\/ucnoqta.az\/index.php?rest_route=%2Fwp%2Fv2%2Fcategories&post=178982"},{"taxonomy":"post_tag","embeddable":true,"href":"https:\/\/ucnoqta.az\/index.php?rest_route=%2Fwp%2Fv2%2Ftags&post=178982"}],"curies":[{"name":"wp","href":"https:\/\/api.w.org\/{rel}","templated":true}]}}