{"id":178981,"date":"2023-06-08T21:18:08","date_gmt":"2023-06-08T17:18:08","guid":{"rendered":""},"modified":"-0001-11-30T00:00:00","modified_gmt":"-0001-11-29T20:00:00","slug":"","status":"publish","type":"post","link":"https:\/\/ucnoqta.az\/?p=178981","title":{"rendered":"Bil\u0259suvar sakini ke\u00e7mi\u015f qay\u0131natas\u0131n\u0131 b\u0131\u00e7aqlad\u0131 &#8211;"},"content":{"rendered":"<p><strong>\u0130yunun 8-d\u0259 saat 16 rad\u0259l\u0259rind\u0259 1969-cu il t\u0259v\u0259ll&uuml;dl&uuml; Azad Almasovun x\u0259sar\u0259tl\u0259rl\u0259 x\u0259st\u0259xanaya daxil olmas\u0131 bar\u0259d\u0259 rayon prokurorlu\u011funa m\u0259lumat daxil olub.<\/strong><\/p>\n<p>Bu bar\u0259d\u0259 Ucnoqta.az-a Bil\u0259suvar rayon prokurorlu\u011fundan m\u0259lumat verilib.<\/p>\n<p>Bildirilib ki, ilkin ara\u015fd\u0131rma zaman\u0131 1989-cu il t\u0259v\u0259ll&uuml;dl&uuml; El\u015f\u0259n \u015e\u0259biyevin Bil\u0259suvar rayonu \u0259razisind\u0259 \u015f\u0259xsi m&uuml;nasib\u0259tl\u0259r z\u0259minind\u0259 aralar\u0131nda yaranm\u0131\u015f m&uuml;bahis\u0259 zaman\u0131 qaynatas\u0131 Azad Almasova k\u0259sici-de\u015fici al\u0259tl\u0259 x\u0259sar\u0259tl\u0259r yetir\u0259r\u0259k onu q\u0259sd\u0259n &ouml;ld&uuml;rm\u0259y\u0259 c\u0259hd etm\u0259sin\u0259 \u0259sasl\u0131 \u015f&uuml;bh\u0259l\u0259r m&uuml;\u0259yy\u0259n edilib.<\/p>\n<p>Fakta g&ouml;r\u0259 Bil\u0259suvar rayon prokurorlu\u011funda Cinay\u0259t M\u0259c\u0259ll\u0259sinin 29, 120.1-ci (q\u0259sd\u0259n adam &ouml;ld&uuml;rm\u0259y\u0259 c\u0259hd) madd\u0259sil\u0259 cinay\u0259t i\u015fi ba\u015flan\u0131b. El\u015f\u0259n \u015e\u0259biyev \u015f&uuml;bh\u0259li \u015f\u0259xs qismind\u0259 tutularaq istintaqa c\u0259lb olunub.<\/p>\n<p>\u0130btidai istintaq davam etdirilir.<\/p>\n<p><strong>19:18<\/strong><\/p>\n<p>\u0130yunun 8-d\u0259 16 rad\u0259l\u0259rind\u0259 Bil\u0259suvar rayonu N\u0259simi k\u0259ndind\u0259 1966-c\u0131 il t\u0259v\u0259ll&uuml;dl&uuml; k\u0259nd sakini Azad Xeyrulla o\u011flu Almazova k\u0259sici al\u0259tl\u0259 x\u0259sar\u0259tl\u0259r yetirilm\u0259si bar\u0259d\u0259 polis\u0259 m\u0259lumat daxil olub.<\/p>\n<p>D\u0130N-in m\u0259tbuat xidm\u0259tinin regional qrupundan Ucnoqta.az-a bildirilib ki, cinay\u0259t \u0259m\u0259lini t&ouml;r\u0259tm\u0259kd\u0259 \u015f&uuml;bh\u0259li bilin\u0259n, Azad Almazovun ke&ccedil;mi\u015f k&uuml;r\u0259k\u0259ni 1991-ci il t\u0259v\u0259ll&uuml;dl&uuml; El\u015f\u0259n B\u0259hlul o\u011flu \u015e\u0259biyev polis \u0259m\u0259kda\u015flar\u0131n\u0131n ke&ccedil;irdiyi t\u0259dbirl\u0259rl\u0259 m&uuml;\u0259yy\u0259n olunaraq saxlan\u0131l\u0131b.<\/p>\n<p>Ara\u015fd\u0131rma apar\u0131l\u0131r.<\/p>\n","protected":false},"excerpt":{"rendered":"<p>\u0130yunun 8-d\u0259 saat 16 rad\u0259l\u0259rind\u0259 1969-cu il t\u0259v\u0259ll&uuml;dl&uuml; Azad Almasovun x\u0259sar\u0259tl\u0259rl\u0259 x\u0259st\u0259xanaya daxil olmas\u0131 bar\u0259d\u0259 rayon prokurorlu\u011funa m\u0259lumat daxil olub. Bu bar\u0259d\u0259 Ucnoqta.az-a Bil\u0259suvar rayon prokurorlu\u011fundan m\u0259lumat verilib. Bildirilib ki,&hellip;<\/p>\n","protected":false},"author":1,"featured_media":251278,"comment_status":"open","ping_status":"open","sticky":false,"template":"","format":"standard","meta":{"_lmt_disableupdate":"","_lmt_disable":"","footnotes":""},"categories":[],"tags":[],"class_list":["post-178981","post","type-post","status-publish","format-standard","has-post-thumbnail","hentry"],"_links":{"self":[{"href":"https:\/\/ucnoqta.az\/index.php?rest_route=\/wp\/v2\/posts\/178981","targetHints":{"allow":["GET"]}}],"collection":[{"href":"https:\/\/ucnoqta.az\/index.php?rest_route=\/wp\/v2\/posts"}],"about":[{"href":"https:\/\/ucnoqta.az\/index.php?rest_route=\/wp\/v2\/types\/post"}],"author":[{"embeddable":true,"href":"https:\/\/ucnoqta.az\/index.php?rest_route=\/wp\/v2\/users\/1"}],"replies":[{"embeddable":true,"href":"https:\/\/ucnoqta.az\/index.php?rest_route=%2Fwp%2Fv2%2Fcomments&post=178981"}],"version-history":[{"count":0,"href":"https:\/\/ucnoqta.az\/index.php?rest_route=\/wp\/v2\/posts\/178981\/revisions"}],"wp:featuredmedia":[{"embeddable":true,"href":"https:\/\/ucnoqta.az\/index.php?rest_route=\/wp\/v2\/media\/251278"}],"wp:attachment":[{"href":"https:\/\/ucnoqta.az\/index.php?rest_route=%2Fwp%2Fv2%2Fmedia&parent=178981"}],"wp:term":[{"taxonomy":"category","embeddable":true,"href":"https:\/\/ucnoqta.az\/index.php?rest_route=%2Fwp%2Fv2%2Fcategories&post=178981"},{"taxonomy":"post_tag","embeddable":true,"href":"https:\/\/ucnoqta.az\/index.php?rest_route=%2Fwp%2Fv2%2Ftags&post=178981"}],"curies":[{"name":"wp","href":"https:\/\/api.w.org\/{rel}","templated":true}]}}