{"id":178976,"date":"2023-06-08T18:06:27","date_gmt":"2023-06-08T14:06:27","guid":{"rendered":""},"modified":"-0001-11-30T00:00:00","modified_gmt":"-0001-11-29T20:00:00","slug":"","status":"publish","type":"post","link":"https:\/\/ucnoqta.az\/?p=178976","title":{"rendered":"Toyda m\u00fc\u011f\u0259nniy\u0259 \u0259xlaqs\u0131zl\u0131q t\u0259klif edildi, qad\u0131n d\u00f6y\u00fcld\u00fc &#8211;"},"content":{"rendered":"<p><strong>\u015eirvan Apellyasiya M\u0259hk\u0259m\u0259sind\u0259 xuliqanl\u0131qda t\u0259rqsirl\u0259diril\u0259n Vahid \u018fs\u0259dovun (\u015f\u0259rti) bar\u0259sind\u0259ki h&ouml;kmd\u0259n veril\u0259n apellyasiya \u015fikay\u0259ti &uuml;zr\u0259 m\u0259hk\u0259m\u0259 iclas\u0131 ba\u015fa &ccedil;at\u0131b.<\/strong><\/p>\n<p>Pravda.az-\u0131n \u0259ld\u0259 etdiyi m\u0259lumata g&ouml;r\u0259, hakim \u0130lkin Abdullayevin s\u0259drliyi il\u0259 ke&ccedil;iril\u0259n prosesd\u0259 q\u0259rar elan olunub.<\/p>\n<p>Q\u0259rara \u0259sas\u0259n, onun apellyasiya \u015fikay\u0259ti qism\u0259n t\u0259min edilib. T\u0259qsirl\u0259ndiril\u0259n \u015f\u0259xs t\u0259r\u0259find\u0259n verilmi\u015f apellyasiya \u015fikay\u0259tin\u0259 \u0259sas\u0259n \u0130mi\u015fli Rayon M\u0259hk\u0259m\u0259sinin 28 mart 2023-c&uuml; il tarixli h&ouml;km&uuml; d\u0259yi\u015fdirilib. Vahid \u018fs\u0259dovun Cinay\u0259t M\u0259c\u0259ll\u0259sinin 221.2.2-ci (xuliqanl\u0131q) madd\u0259si il\u0259 1 il 6 ay m&uuml;dd\u0259tin\u0259 azadl\u0131\u011f\u0131n m\u0259hdudla\u015fd\u0131r\u0131lmas\u0131 (elektron qolbaq) c\u0259zas\u0131 t\u0259yin olunub. T\u0259qsirl\u0259ndiril\u0259n \u015f\u0259xs 28 mart 2023-c&uuml; ild\u0259n 01 iyun 2023-c&uuml; il tarix\u0259d\u0259k h\u0259bsd\u0259 oldu\u011fu 2 ay 4 g&uuml;n m&uuml;dd\u0259ti Cinay\u0259t M\u0259c\u0259ll\u0259sinin 69.3-c&uuml; madd\u0259sin\u0259 \u0259sas\u0259n bir g&uuml;n\u0259 iki g&uuml;n hesab\u0131 il\u0259 hesablanmaqla 4 ay 8 g&uuml;n azadl\u0131\u011f\u0131n m\u0259hdudla\u015fd\u0131r\u0131lmas\u0131 c\u0259zas\u0131na b\u0259rab\u0259r tutulub. H\u0259min m&uuml;dd\u0259t haz\u0131rk\u0131 q\u0259rarla t\u0259yin edilmi\u015f c\u0259zadan &ccedil;\u0131x\u0131lmaqla onun &uuml;z\u0259rind\u0259 q\u0259ti olaraq 1 il 1 ay 22 g&uuml;n m&uuml;dd\u0259t\u0259 azadl\u0131\u011f\u0131n m\u0259hdudla\u015fd\u0131r\u0131lmas\u0131 c\u0259zas\u0131 saxlan\u0131l\u0131b. O, m\u0259hk\u0259m\u0259 zal\u0131ndan azadl\u0131\u011fa burax\u0131l\u0131b.<\/p>\n<p>\u0130ttihama g&ouml;r\u0259, hadis\u0259 31 may 2022-ci il tarixd\u0259, saat 21 rad\u0259l\u0259rind\u0259 \u0130mi\u015fli \u015f\u0259h\u0259ri, A.\u018fl\u0259sg\u0259r k&uuml;&ccedil;\u0259sind\u0259 yerl\u0259\u015f\u0259n &ldquo;N\u0259rgizim&rdquo; \u015fadl\u0131q saray\u0131n\u0131n &ldquo;G&uuml;m&uuml;\u015f-1&rdquo; zal\u0131nda qeyd\u0259 al\u0131n\u0131b.<\/p>\n<p>Bel\u0259 ki, zalda &ccedil;oxsayl\u0131 qonaqlar\u0131n i\u015ftirak\u0131 il\u0259 ke&ccedil;iril\u0259n toy \u015f\u0259nliyi zaman\u0131 Vahid \u018fs\u0259dov m&uuml;\u011f\u0259nni qismind\u0259 i\u015ftirak ed\u0259n z\u0259r\u0259r&ccedil;\u0259kmi\u015f \u015e\u0259f\u0259q M\u0259mm\u0259dovaya (\u015f\u0259rti) cinsi \u0259laq\u0259d\u0259 olmaq bar\u0259d\u0259 \u0259xlaqs\u0131z t\u0259klif edib. Qad\u0131n is\u0259 bunu r\u0259dd edib. Vahid d\u0259 m&uuml;\u011f\u0259nninin r\u0259dd cavab\u0131n\u0131 b\u0259han\u0259 edib he&ccedil; bir s\u0259b\u0259b olmadan qonaqlar\u0131n istirah\u0259tin\u0259 mane olmaqla s\u0259s-k&uuml;y sal\u0131b. Bu vaxt ictimai qaydan\u0131n pozulmas\u0131n\u0131n qar\u015f\u0131s\u0131n\u0131 almaq &uuml;&ccedil;&uuml;n onu oradan uzaqla\u015fd\u0131rmaq ist\u0259y\u0259n M\u0259mm\u0259di (\u015f\u0259rti) it\u0259l\u0259yib yer\u0259 y\u0131xmaqla, m&uuml;qavim\u0259t g&ouml;st\u0259rib.<\/p>\n<p>Daha sonra q\u0259r\u0259zli h\u0259r\u0259k\u0259tl\u0259rin\u0259 davam ed\u0259r\u0259k q\u0259sd\u0259n \u015fill\u0259 il\u0259 \u015e\u0259f\u0259qin sol sif\u0259t nahiy\u0259sin\u0259 vuraraq ona x\u0259sar\u0259tl\u0259r yetirib.<\/p>\n<p>Bundan ba\u015fqa, o, ictimai qaydan\u0131n pozulmas\u0131n\u0131n qar\u015f\u0131s\u0131n\u0131 alma\u011fa &ccedil;al\u0131\u015fan z\u0259r\u0259r&ccedil;\u0259kmi\u015f \u015f\u0259xsin yetkinlik ya\u015f\u0131na &ccedil;atmayan bac\u0131s\u0131 o\u011flu S\u0259m\u0259din (\u015f\u0259rti) qar\u0131n nahiy\u0259sin\u0259 q\u0259sd\u0259n t\u0259pikl\u0259 vurub.<\/p>\n<p>\u0130mi\u015fli Rayon M\u0259hk\u0259m\u0259sinin h&ouml;kme il\u0259 o, 1 il m&uuml;dd\u0259tin\u0259 azadl\u0131qdan m\u0259hrum edilib.<\/p>\n<p>&nbsp;<\/p>\n","protected":false},"excerpt":{"rendered":"<p>\u015eirvan Apellyasiya M\u0259hk\u0259m\u0259sind\u0259 xuliqanl\u0131qda t\u0259rqsirl\u0259diril\u0259n Vahid \u018fs\u0259dovun (\u015f\u0259rti) bar\u0259sind\u0259ki h&ouml;kmd\u0259n veril\u0259n apellyasiya \u015fikay\u0259ti &uuml;zr\u0259 m\u0259hk\u0259m\u0259 iclas\u0131 ba\u015fa &ccedil;at\u0131b. Pravda.az-\u0131n \u0259ld\u0259 etdiyi m\u0259lumata g&ouml;r\u0259, hakim \u0130lkin Abdullayevin s\u0259drliyi il\u0259 ke&ccedil;iril\u0259n prosesd\u0259&hellip;<\/p>\n","protected":false},"author":1,"featured_media":251278,"comment_status":"open","ping_status":"open","sticky":false,"template":"","format":"standard","meta":{"_lmt_disableupdate":"","_lmt_disable":"","footnotes":""},"categories":[101],"tags":[],"class_list":["post-178976","post","type-post","status-publish","format-standard","has-post-thumbnail","hentry","category-cemiyyet"],"_links":{"self":[{"href":"https:\/\/ucnoqta.az\/index.php?rest_route=\/wp\/v2\/posts\/178976","targetHints":{"allow":["GET"]}}],"collection":[{"href":"https:\/\/ucnoqta.az\/index.php?rest_route=\/wp\/v2\/posts"}],"about":[{"href":"https:\/\/ucnoqta.az\/index.php?rest_route=\/wp\/v2\/types\/post"}],"author":[{"embeddable":true,"href":"https:\/\/ucnoqta.az\/index.php?rest_route=\/wp\/v2\/users\/1"}],"replies":[{"embeddable":true,"href":"https:\/\/ucnoqta.az\/index.php?rest_route=%2Fwp%2Fv2%2Fcomments&post=178976"}],"version-history":[{"count":0,"href":"https:\/\/ucnoqta.az\/index.php?rest_route=\/wp\/v2\/posts\/178976\/revisions"}],"wp:featuredmedia":[{"embeddable":true,"href":"https:\/\/ucnoqta.az\/index.php?rest_route=\/wp\/v2\/media\/251278"}],"wp:attachment":[{"href":"https:\/\/ucnoqta.az\/index.php?rest_route=%2Fwp%2Fv2%2Fmedia&parent=178976"}],"wp:term":[{"taxonomy":"category","embeddable":true,"href":"https:\/\/ucnoqta.az\/index.php?rest_route=%2Fwp%2Fv2%2Fcategories&post=178976"},{"taxonomy":"post_tag","embeddable":true,"href":"https:\/\/ucnoqta.az\/index.php?rest_route=%2Fwp%2Fv2%2Ftags&post=178976"}],"curies":[{"name":"wp","href":"https:\/\/api.w.org\/{rel}","templated":true}]}}